{"id":28525,"date":"2025-10-26T19:26:30","date_gmt":"2025-10-26T18:26:30","guid":{"rendered":"https:\/\/mtc-modellbau.de\/premium-modell-monvest-muenchen\/"},"modified":"2025-10-29T08:01:42","modified_gmt":"2025-10-29T07:01:42","slug":"monvest-munich","status":"publish","type":"post","link":"https:\/\/mtc-modellbau.de\/es\/monvest-munich\/","title":{"rendered":"Maqueta premium para Monvest M\u00fanich a escala 1:50"},"content":{"rendered":"<div class=\"wpb-content-wrapper\" id=\"wpb-content-root\"><p>[vc_row][vc_column][vc_custom_heading text=\u00bbMaqueta premium Monvest M\u00fanich | MTC Modellbau\u00ae\u00bb font_container=\u00bbtag:h2|text_align:center|color:%23111111&#8243; use_theme_fonts=\u00bbyes\u00bb css=\u00bb\u00bb][\/vc_column][\/vc_row][vc_row][vc_column][vc_column_text css=\u00bb\u00bb]<\/p>\n<p data-start=\"421\" data-end=\"744\">MTC Modellbau\u00ae se complace en anunciar la realizaci\u00f3n de la <strong data-start=\"480\" data-end=\"520\">segunda maqueta premium para Monvest<\/strong>.<br data-start=\"521\" data-end=\"524\" \/>Este <strong data-start=\"529\" data-end=\"575\">proyecto de construcci\u00f3n situado en M\u00fanich<\/strong> se est\u00e1 llevando a cabo con la m\u00e1xima precisi\u00f3n y atenci\u00f3n al detalle, a una <strong data-start=\"653\" data-end=\"671\">escala de 1:50<\/strong> \u2013 una verdadera obra maestra del <strong data-start=\"705\" data-end=\"741\">modelismo arquitect\u00f3nico premium<\/strong>.<\/p>\n<h3 data-start=\"746\" data-end=\"793\"><strong data-start=\"750\" data-end=\"791\">Precisi\u00f3n excepcional en cada detalle<\/strong><\/h3>\n<p data-start=\"795\" data-end=\"1224\">Como en todos los proyectos de <strong data-start=\"826\" data-end=\"844\">MTC Modellbau\u00ae<\/strong>, la <strong data-start=\"849\" data-end=\"879\">artesan\u00eda y el saber hacer<\/strong> son elementos esenciales.<br data-start=\"905\" data-end=\"908\" \/>Cada parte del edificio de Monvest se estudia cuidadosamente, se pinta seg\u00fan las especificaciones RAL y se fabrica con materiales de alta calidad.<br data-start=\"1054\" data-end=\"1057\" \/>El resultado es una maqueta que destaca no solo por su precisi\u00f3n arquitect\u00f3nica, sino tambi\u00e9n por su fuerte impacto visual durante <strong data-start=\"1188\" data-end=\"1221\">presentaciones y exposiciones<\/strong>.<\/p>\n<h3 data-start=\"1226\" data-end=\"1282\"><strong data-start=\"1230\" data-end=\"1280\">Un proyecto arquitect\u00f3nico exclusivo en M\u00fanich<\/strong><\/h3>\n<p data-start=\"1284\" data-end=\"1524\">Esta maqueta representa un proyecto arquitect\u00f3nico excepcional en el coraz\u00f3n de M\u00fanich, s\u00edmbolo de dise\u00f1o moderno y estilo urbano.<br data-start=\"1414\" data-end=\"1417\" \/>La <strong data-start=\"1420\" data-end=\"1435\">escala 1:50<\/strong> permite representar incluso los detalles arquitect\u00f3nicos m\u00e1s finos con gran exactitud.<\/p>\n<p data-start=\"1526\" data-end=\"1702\">Con su <strong data-start=\"1533\" data-end=\"1555\">acabado meticuloso<\/strong> y su <strong data-start=\"1561\" data-end=\"1582\">est\u00e9tica elegante<\/strong>, este modelo refleja perfectamente la <strong data-start=\"1621\" data-end=\"1640\">calidad premium<\/strong> que ha hecho de MTC Modellbau una referencia internacional.<\/p>\n<h3 data-start=\"1704\" data-end=\"1731\"><strong data-start=\"1708\" data-end=\"1729\">Detalles t\u00e9cnicos<\/strong><\/h3>\n<p data-start=\"1733\" data-end=\"1936\">&#x1f539; <strong data-start=\"1736\" data-end=\"1747\">Escala:<\/strong> 1:50<br data-start=\"1752\" data-end=\"1755\" \/>&#x1f539; <strong data-start=\"1758\" data-end=\"1770\">Cliente:<\/strong> Monvest<br data-start=\"1778\" data-end=\"1781\" \/>&#x1f539; <strong data-start=\"1784\" data-end=\"1798\">Ubicaci\u00f3n:<\/strong> M\u00fanich<br data-start=\"1805\" data-end=\"1808\" \/>&#x1f539; <strong data-start=\"1811\" data-end=\"1825\">Categor\u00eda:<\/strong> Maqueta arquitect\u00f3nica premium<br data-start=\"1856\" data-end=\"1859\" \/>&#x1f539; <strong data-start=\"1862\" data-end=\"1874\">Enfoque:<\/strong> precisi\u00f3n, calidad de materiales, presentaci\u00f3n de alta gama<\/p>\n<h3 data-start=\"1938\" data-end=\"1990\"><strong data-start=\"1942\" data-end=\"1988\">Calidad premium firmada por MTC Modellbau\u00ae<\/strong><\/h3>\n<p data-start=\"1992\" data-end=\"2265\">Ya sea para <strong data-start=\"2004\" data-end=\"2044\">arquitectos, promotores o inversores<\/strong>, las maquetas de MTC Modellbau\u00ae son mucho m\u00e1s que simples objetos de presentaci\u00f3n.<br data-start=\"2127\" data-end=\"2130\" \/>Son <strong data-start=\"2134\" data-end=\"2176\">piezas \u00fanicas fabricadas con precisi\u00f3n<\/strong>, que convierten las visiones arquitect\u00f3nicas en experiencias tangibles e inspiradoras.<\/p>\n<p data-start=\"2267\" data-end=\"2425\">Con la nueva maqueta de Monvest, MTC Modellbau\u00ae demuestra una vez m\u00e1s que <strong data-start=\"2340\" data-end=\"2373\">la perfecci\u00f3n en el modelismo<\/strong> no es solo un objetivo, sino una verdadera firma.<\/p>\n<p>[\/vc_column_text][\/vc_column][\/vc_row]<\/p>\n<\/div>","protected":false},"excerpt":{"rendered":"<p>[vc_row][vc_column][vc_custom_heading text=\u00bbMaqueta premium Monvest M\u00fanich | MTC Modellbau\u00ae\u00bb font_container=\u00bbtag:h2|text_align:center|color:%23111111&#8243; use_theme_fonts=\u00bbyes\u00bb css=\u00bb\u00bb][\/vc_column][\/vc_row][vc_row][vc_column][vc_column_text css=\u00bb\u00bb] MTC Modellbau\u00ae se complace en anunciar la realizaci\u00f3n&#8230;<\/p>\n","protected":false},"author":3,"featured_media":28505,"comment_status":"closed","ping_status":"closed","sticky":false,"template":"","format":"standard","meta":{"ngg_post_thumbnail":0,"footnotes":""},"categories":[1738],"tags":[1810,1811,1807,1814,1809,1812,1813,1808,1815,1789],"class_list":["post-28525","post","type-post","status-publish","format-standard","has-post-thumbnail","category-blog-es","tag-escala-150","tag-fabricante-de-maquetas","tag-maqueta-arquitectonica","tag-maqueta-de-presentacion","tag-maqueta-munich","tag-maquetas-de-alta-calidad","tag-modelismo-de-precision","tag-modelismo-premium","tag-monvest-munich","tag-mtc-modellbau"],"yoast_head":"<!-- This site is optimized with the Yoast SEO Premium plugin v25.6 (Yoast SEO v28.4) - https:\/\/yoast.com\/product\/yoast-seo-premium-wordpress\/ -->\n<title>Maqueta premium Monvest M\u00fanich | MTC Modellbau\u00ae<\/title>\n<meta name=\"description\" content=\"MTC Modellbau\u00ae realiza la segunda maqueta premium para Monvest en M\u00fanich \u2013 reproducci\u00f3n detallada a escala 1:50 con precisi\u00f3n y dise\u00f1o.\" \/>\n<meta name=\"robots\" content=\"index, follow, max-snippet:-1, max-image-preview:large, max-video-preview:-1\" \/>\n<link rel=\"canonical\" href=\"https:\/\/mtc-modellbau.de\/es\/monvest-munich\/\" \/>\n<meta property=\"og:locale\" content=\"es_ES\" \/>\n<meta property=\"og:type\" content=\"article\" \/>\n<meta property=\"og:title\" content=\"Maqueta premium para Monvest M\u00fanich a escala 1:50\" \/>\n<meta property=\"og:description\" content=\"MTC Modellbau\u00ae realiza la segunda maqueta premium para Monvest en M\u00fanich \u2013 reproducci\u00f3n detallada a escala 1:50 con precisi\u00f3n y dise\u00f1o.\" \/>\n<meta property=\"og:url\" content=\"https:\/\/mtc-modellbau.de\/es\/monvest-munich\/\" \/>\n<meta property=\"og:site_name\" content=\"MTC Modellbau\u00ae\" \/>\n<meta property=\"article:publisher\" content=\"https:\/\/www.facebook.com\/MTCmodellbau\/\" \/>\n<meta property=\"article:published_time\" content=\"2025-10-26T18:26:30+00:00\" \/>\n<meta property=\"article:modified_time\" content=\"2025-10-29T07:01:42+00:00\" \/>\n<meta property=\"og:image\" content=\"https:\/\/mtc-modellbau.de\/wp-content\/uploads\/2025\/10\/1761558682135.jpeg\" \/>\n\t<meta property=\"og:image:width\" content=\"2048\" \/>\n\t<meta property=\"og:image:height\" content=\"1280\" \/>\n\t<meta property=\"og:image:type\" content=\"image\/jpeg\" \/>\n<meta name=\"author\" content=\"admin\" \/>\n<meta name=\"twitter:card\" content=\"summary_large_image\" \/>\n<meta name=\"twitter:label1\" content=\"Escrito por\" \/>\n\t<meta name=\"twitter:data1\" content=\"admin\" \/>\n\t<meta name=\"twitter:label2\" content=\"Tiempo de lectura\" \/>\n\t<meta name=\"twitter:data2\" content=\"2 minutos\" \/>\n<script type=\"application\/ld+json\" class=\"yoast-schema-graph\">{\"@context\":\"https:\\\/\\\/schema.org\",\"@graph\":[{\"@type\":\"Article\",\"@id\":\"https:\\\/\\\/mtc-modellbau.de\\\/es\\\/monvest-munich\\\/#article\",\"isPartOf\":{\"@id\":\"https:\\\/\\\/mtc-modellbau.de\\\/es\\\/monvest-munich\\\/\"},\"author\":{\"name\":\"admin\",\"@id\":\"https:\\\/\\\/mtc-modellbau.de\\\/es\\\/#\\\/schema\\\/person\\\/f3363c5d7ec45172be1e4df159d0e351\"},\"headline\":\"Maqueta premium para Monvest M\u00fanich a escala 1:50\",\"datePublished\":\"2025-10-26T18:26:30+00:00\",\"dateModified\":\"2025-10-29T07:01:42+00:00\",\"mainEntityOfPage\":{\"@id\":\"https:\\\/\\\/mtc-modellbau.de\\\/es\\\/monvest-munich\\\/\"},\"wordCount\":368,\"publisher\":{\"@id\":\"https:\\\/\\\/mtc-modellbau.de\\\/es\\\/#organization\"},\"image\":{\"@id\":\"https:\\\/\\\/mtc-modellbau.de\\\/es\\\/monvest-munich\\\/#primaryimage\"},\"thumbnailUrl\":\"https:\\\/\\\/mtc-modellbau.de\\\/wp-content\\\/uploads\\\/2025\\\/10\\\/1761558682135.jpeg\",\"keywords\":[\"escala 1:50\",\"fabricante de maquetas\",\"maqueta arquitect\u00f3nica\",\"maqueta de presentaci\u00f3n\",\"maqueta M\u00fanich\",\"maquetas de alta calidad\",\"modelismo de precisi\u00f3n\",\"modelismo premium\",\"Monvest Munich\",\"mtc modellbau\"],\"articleSection\":[\"Blog\"],\"inLanguage\":\"es\"},{\"@type\":\"WebPage\",\"@id\":\"https:\\\/\\\/mtc-modellbau.de\\\/es\\\/monvest-munich\\\/\",\"url\":\"https:\\\/\\\/mtc-modellbau.de\\\/es\\\/monvest-munich\\\/\",\"name\":\"Maqueta premium Monvest M\u00fanich | MTC Modellbau\u00ae\",\"isPartOf\":{\"@id\":\"https:\\\/\\\/mtc-modellbau.de\\\/es\\\/#website\"},\"primaryImageOfPage\":{\"@id\":\"https:\\\/\\\/mtc-modellbau.de\\\/es\\\/monvest-munich\\\/#primaryimage\"},\"image\":{\"@id\":\"https:\\\/\\\/mtc-modellbau.de\\\/es\\\/monvest-munich\\\/#primaryimage\"},\"thumbnailUrl\":\"https:\\\/\\\/mtc-modellbau.de\\\/wp-content\\\/uploads\\\/2025\\\/10\\\/1761558682135.jpeg\",\"datePublished\":\"2025-10-26T18:26:30+00:00\",\"dateModified\":\"2025-10-29T07:01:42+00:00\",\"description\":\"MTC Modellbau\u00ae realiza la segunda maqueta premium para Monvest en M\u00fanich \u2013 reproducci\u00f3n detallada a escala 1:50 con precisi\u00f3n y dise\u00f1o.\",\"breadcrumb\":{\"@id\":\"https:\\\/\\\/mtc-modellbau.de\\\/es\\\/monvest-munich\\\/#breadcrumb\"},\"inLanguage\":\"es\",\"potentialAction\":[{\"@type\":\"ReadAction\",\"target\":[\"https:\\\/\\\/mtc-modellbau.de\\\/es\\\/monvest-munich\\\/\"]}]},{\"@type\":\"ImageObject\",\"inLanguage\":\"es\",\"@id\":\"https:\\\/\\\/mtc-modellbau.de\\\/es\\\/monvest-munich\\\/#primaryimage\",\"url\":\"https:\\\/\\\/mtc-modellbau.de\\\/wp-content\\\/uploads\\\/2025\\\/10\\\/1761558682135.jpeg\",\"contentUrl\":\"https:\\\/\\\/mtc-modellbau.de\\\/wp-content\\\/uploads\\\/2025\\\/10\\\/1761558682135.jpeg\",\"width\":2048,\"height\":1280},{\"@type\":\"BreadcrumbList\",\"@id\":\"https:\\\/\\\/mtc-modellbau.de\\\/es\\\/monvest-munich\\\/#breadcrumb\",\"itemListElement\":[{\"@type\":\"ListItem\",\"position\":1,\"name\":\"Startseite\",\"item\":\"https:\\\/\\\/mtc-modellbau.de\\\/es\\\/\"},{\"@type\":\"ListItem\",\"position\":2,\"name\":\"Maqueta premium para Monvest M\u00fanich a escala 1:50\"}]},{\"@type\":\"WebSite\",\"@id\":\"https:\\\/\\\/mtc-modellbau.de\\\/es\\\/#website\",\"url\":\"https:\\\/\\\/mtc-modellbau.de\\\/es\\\/\",\"name\":\"MTC Modellbau\u00ae\",\"description\":\"Die wertigsten Modelle Deutschlands!\",\"publisher\":{\"@id\":\"https:\\\/\\\/mtc-modellbau.de\\\/es\\\/#organization\"},\"potentialAction\":[{\"@type\":\"SearchAction\",\"target\":{\"@type\":\"EntryPoint\",\"urlTemplate\":\"https:\\\/\\\/mtc-modellbau.de\\\/es\\\/?s={search_term_string}\"},\"query-input\":{\"@type\":\"PropertyValueSpecification\",\"valueRequired\":true,\"valueName\":\"search_term_string\"}}],\"inLanguage\":\"es\"},{\"@type\":\"Organization\",\"@id\":\"https:\\\/\\\/mtc-modellbau.de\\\/es\\\/#organization\",\"name\":\"Architekturmodellbau by MTC Modellbau\u00ae\",\"url\":\"https:\\\/\\\/mtc-modellbau.de\\\/es\\\/\",\"logo\":{\"@type\":\"ImageObject\",\"inLanguage\":\"es\",\"@id\":\"https:\\\/\\\/mtc-modellbau.de\\\/es\\\/#\\\/schema\\\/logo\\\/image\\\/\",\"url\":\"https:\\\/\\\/mtc-modellbau.de\\\/wp-content\\\/uploads\\\/2018\\\/07\\\/MTC-Modellbau-Logo-Black.png\",\"contentUrl\":\"https:\\\/\\\/mtc-modellbau.de\\\/wp-content\\\/uploads\\\/2018\\\/07\\\/MTC-Modellbau-Logo-Black.png\",\"width\":400,\"height\":200,\"caption\":\"Architekturmodellbau by MTC Modellbau\u00ae\"},\"image\":{\"@id\":\"https:\\\/\\\/mtc-modellbau.de\\\/es\\\/#\\\/schema\\\/logo\\\/image\\\/\"},\"sameAs\":[\"https:\\\/\\\/www.facebook.com\\\/MTCmodellbau\\\/\"]},{\"@type\":\"Person\",\"@id\":\"https:\\\/\\\/mtc-modellbau.de\\\/es\\\/#\\\/schema\\\/person\\\/f3363c5d7ec45172be1e4df159d0e351\",\"name\":\"admin\",\"image\":{\"@type\":\"ImageObject\",\"inLanguage\":\"es\",\"@id\":\"https:\\\/\\\/secure.gravatar.com\\\/avatar\\\/ed2cec554e8d7ed7fb2936bb9ac776313b2d65426e2aefeca83611157b6f41d9?s=96&d=mm&r=g\",\"url\":\"https:\\\/\\\/secure.gravatar.com\\\/avatar\\\/ed2cec554e8d7ed7fb2936bb9ac776313b2d65426e2aefeca83611157b6f41d9?s=96&d=mm&r=g\",\"contentUrl\":\"https:\\\/\\\/secure.gravatar.com\\\/avatar\\\/ed2cec554e8d7ed7fb2936bb9ac776313b2d65426e2aefeca83611157b6f41d9?s=96&d=mm&r=g\",\"caption\":\"admin\"}}]}<\/script>\n<!-- \/ Yoast SEO Premium plugin. -->","yoast_head_json":{"title":"Maqueta premium Monvest M\u00fanich | MTC Modellbau\u00ae","description":"MTC Modellbau\u00ae realiza la segunda maqueta premium para Monvest en M\u00fanich \u2013 reproducci\u00f3n detallada a escala 1:50 con precisi\u00f3n y dise\u00f1o.","robots":{"index":"index","follow":"follow","max-snippet":"max-snippet:-1","max-image-preview":"max-image-preview:large","max-video-preview":"max-video-preview:-1"},"canonical":"https:\/\/mtc-modellbau.de\/es\/monvest-munich\/","og_locale":"es_ES","og_type":"article","og_title":"Maqueta premium para Monvest M\u00fanich a escala 1:50","og_description":"MTC Modellbau\u00ae realiza la segunda maqueta premium para Monvest en M\u00fanich \u2013 reproducci\u00f3n detallada a escala 1:50 con precisi\u00f3n y dise\u00f1o.","og_url":"https:\/\/mtc-modellbau.de\/es\/monvest-munich\/","og_site_name":"MTC Modellbau\u00ae","article_publisher":"https:\/\/www.facebook.com\/MTCmodellbau\/","article_published_time":"2025-10-26T18:26:30+00:00","article_modified_time":"2025-10-29T07:01:42+00:00","og_image":[{"width":2048,"height":1280,"url":"https:\/\/mtc-modellbau.de\/wp-content\/uploads\/2025\/10\/1761558682135.jpeg","type":"image\/jpeg"}],"author":"admin","twitter_card":"summary_large_image","twitter_misc":{"Escrito por":"admin","Tiempo de lectura":"2 minutos"},"schema":{"@context":"https:\/\/schema.org","@graph":[{"@type":"Article","@id":"https:\/\/mtc-modellbau.de\/es\/monvest-munich\/#article","isPartOf":{"@id":"https:\/\/mtc-modellbau.de\/es\/monvest-munich\/"},"author":{"name":"admin","@id":"https:\/\/mtc-modellbau.de\/es\/#\/schema\/person\/f3363c5d7ec45172be1e4df159d0e351"},"headline":"Maqueta premium para Monvest M\u00fanich a escala 1:50","datePublished":"2025-10-26T18:26:30+00:00","dateModified":"2025-10-29T07:01:42+00:00","mainEntityOfPage":{"@id":"https:\/\/mtc-modellbau.de\/es\/monvest-munich\/"},"wordCount":368,"publisher":{"@id":"https:\/\/mtc-modellbau.de\/es\/#organization"},"image":{"@id":"https:\/\/mtc-modellbau.de\/es\/monvest-munich\/#primaryimage"},"thumbnailUrl":"https:\/\/mtc-modellbau.de\/wp-content\/uploads\/2025\/10\/1761558682135.jpeg","keywords":["escala 1:50","fabricante de maquetas","maqueta arquitect\u00f3nica","maqueta de presentaci\u00f3n","maqueta M\u00fanich","maquetas de alta calidad","modelismo de precisi\u00f3n","modelismo premium","Monvest Munich","mtc modellbau"],"articleSection":["Blog"],"inLanguage":"es"},{"@type":"WebPage","@id":"https:\/\/mtc-modellbau.de\/es\/monvest-munich\/","url":"https:\/\/mtc-modellbau.de\/es\/monvest-munich\/","name":"Maqueta premium Monvest M\u00fanich | MTC Modellbau\u00ae","isPartOf":{"@id":"https:\/\/mtc-modellbau.de\/es\/#website"},"primaryImageOfPage":{"@id":"https:\/\/mtc-modellbau.de\/es\/monvest-munich\/#primaryimage"},"image":{"@id":"https:\/\/mtc-modellbau.de\/es\/monvest-munich\/#primaryimage"},"thumbnailUrl":"https:\/\/mtc-modellbau.de\/wp-content\/uploads\/2025\/10\/1761558682135.jpeg","datePublished":"2025-10-26T18:26:30+00:00","dateModified":"2025-10-29T07:01:42+00:00","description":"MTC Modellbau\u00ae realiza la segunda maqueta premium para Monvest en M\u00fanich \u2013 reproducci\u00f3n detallada a escala 1:50 con precisi\u00f3n y dise\u00f1o.","breadcrumb":{"@id":"https:\/\/mtc-modellbau.de\/es\/monvest-munich\/#breadcrumb"},"inLanguage":"es","potentialAction":[{"@type":"ReadAction","target":["https:\/\/mtc-modellbau.de\/es\/monvest-munich\/"]}]},{"@type":"ImageObject","inLanguage":"es","@id":"https:\/\/mtc-modellbau.de\/es\/monvest-munich\/#primaryimage","url":"https:\/\/mtc-modellbau.de\/wp-content\/uploads\/2025\/10\/1761558682135.jpeg","contentUrl":"https:\/\/mtc-modellbau.de\/wp-content\/uploads\/2025\/10\/1761558682135.jpeg","width":2048,"height":1280},{"@type":"BreadcrumbList","@id":"https:\/\/mtc-modellbau.de\/es\/monvest-munich\/#breadcrumb","itemListElement":[{"@type":"ListItem","position":1,"name":"Startseite","item":"https:\/\/mtc-modellbau.de\/es\/"},{"@type":"ListItem","position":2,"name":"Maqueta premium para Monvest M\u00fanich a escala 1:50"}]},{"@type":"WebSite","@id":"https:\/\/mtc-modellbau.de\/es\/#website","url":"https:\/\/mtc-modellbau.de\/es\/","name":"MTC Modellbau\u00ae","description":"Die wertigsten Modelle Deutschlands!","publisher":{"@id":"https:\/\/mtc-modellbau.de\/es\/#organization"},"potentialAction":[{"@type":"SearchAction","target":{"@type":"EntryPoint","urlTemplate":"https:\/\/mtc-modellbau.de\/es\/?s={search_term_string}"},"query-input":{"@type":"PropertyValueSpecification","valueRequired":true,"valueName":"search_term_string"}}],"inLanguage":"es"},{"@type":"Organization","@id":"https:\/\/mtc-modellbau.de\/es\/#organization","name":"Architekturmodellbau by MTC Modellbau\u00ae","url":"https:\/\/mtc-modellbau.de\/es\/","logo":{"@type":"ImageObject","inLanguage":"es","@id":"https:\/\/mtc-modellbau.de\/es\/#\/schema\/logo\/image\/","url":"https:\/\/mtc-modellbau.de\/wp-content\/uploads\/2018\/07\/MTC-Modellbau-Logo-Black.png","contentUrl":"https:\/\/mtc-modellbau.de\/wp-content\/uploads\/2018\/07\/MTC-Modellbau-Logo-Black.png","width":400,"height":200,"caption":"Architekturmodellbau by MTC Modellbau\u00ae"},"image":{"@id":"https:\/\/mtc-modellbau.de\/es\/#\/schema\/logo\/image\/"},"sameAs":["https:\/\/www.facebook.com\/MTCmodellbau\/"]},{"@type":"Person","@id":"https:\/\/mtc-modellbau.de\/es\/#\/schema\/person\/f3363c5d7ec45172be1e4df159d0e351","name":"admin","image":{"@type":"ImageObject","inLanguage":"es","@id":"https:\/\/secure.gravatar.com\/avatar\/ed2cec554e8d7ed7fb2936bb9ac776313b2d65426e2aefeca83611157b6f41d9?s=96&d=mm&r=g","url":"https:\/\/secure.gravatar.com\/avatar\/ed2cec554e8d7ed7fb2936bb9ac776313b2d65426e2aefeca83611157b6f41d9?s=96&d=mm&r=g","contentUrl":"https:\/\/secure.gravatar.com\/avatar\/ed2cec554e8d7ed7fb2936bb9ac776313b2d65426e2aefeca83611157b6f41d9?s=96&d=mm&r=g","caption":"admin"}}]}},"menu_order":0,"_links":{"self":[{"href":"https:\/\/mtc-modellbau.de\/es\/wp-json\/wp\/v2\/posts\/28525","targetHints":{"allow":["GET"]}}],"collection":[{"href":"https:\/\/mtc-modellbau.de\/es\/wp-json\/wp\/v2\/posts"}],"about":[{"href":"https:\/\/mtc-modellbau.de\/es\/wp-json\/wp\/v2\/types\/post"}],"author":[{"embeddable":true,"href":"https:\/\/mtc-modellbau.de\/es\/wp-json\/wp\/v2\/users\/3"}],"replies":[{"embeddable":true,"href":"https:\/\/mtc-modellbau.de\/es\/wp-json\/wp\/v2\/comments?post=28525"}],"version-history":[{"count":0,"href":"https:\/\/mtc-modellbau.de\/es\/wp-json\/wp\/v2\/posts\/28525\/revisions"}],"wp:featuredmedia":[{"embeddable":true,"href":"https:\/\/mtc-modellbau.de\/es\/wp-json\/wp\/v2\/media\/28505"}],"wp:attachment":[{"href":"https:\/\/mtc-modellbau.de\/es\/wp-json\/wp\/v2\/media?parent=28525"}],"wp:term":[{"taxonomy":"category","embeddable":true,"href":"https:\/\/mtc-modellbau.de\/es\/wp-json\/wp\/v2\/categories?post=28525"},{"taxonomy":"post_tag","embeddable":true,"href":"https:\/\/mtc-modellbau.de\/es\/wp-json\/wp\/v2\/tags?post=28525"}],"curies":[{"name":"wp","href":"https:\/\/api.w.org\/{rel}","templated":true}]}}