{"id":28636,"date":"2025-06-16T15:20:14","date_gmt":"2025-06-16T13:20:14","guid":{"rendered":"https:\/\/mtc-modellbau.de\/concept-bau-gmbh\/"},"modified":"2025-11-06T15:52:16","modified_gmt":"2025-11-06T14:52:16","slug":"concept-bau-gmbh","status":"publish","type":"post","link":"https:\/\/mtc-modellbau.de\/es\/concept-bau-gmbh\/","title":{"rendered":"Nuevo proyecto: modelo arquitect\u00f3nico premium para Concept Bau GmbH"},"content":{"rendered":"<div class=\"wpb-content-wrapper\" id=\"wpb-content-root\"><p>[vc_row][vc_column][vc_custom_heading text=\u00bb\u00a1Modelo premium para Concept Bau GmbH de M\u00fanich!\u00bb font_container=\u00bbtag:h2|text_align:center|color:%23111111&#8243; use_theme_fonts=\u00bbyes\u00bb css=\u00bb\u00bb][\/vc_column][\/vc_row][vc_row][vc_column][vc_column_text css=\u00bb\u00bb]Nos complace anunciar la colaboraci\u00f3n con <strong>Concept Bau GmbH<\/strong> de M\u00fanich. En el marco de esta asociaci\u00f3n, realizaremos el <strong>primer modelo arquitect\u00f3nico premium<\/strong> para el proyecto de construcci\u00f3n <strong>\u201cMARBACH\u201d<\/strong>.<\/p>\n<p>El modelo se desarrollar\u00e1 en nuestras instalaciones a <strong>escala 1:150<\/strong> y cumplir\u00e1 con los m\u00e1s altos est\u00e1ndares de precisi\u00f3n, detalle y calidad de presentaci\u00f3n. Como especialistas en modelos arquitect\u00f3nicos e inmobiliarios de alta gama, es un honor llevar a cabo este exigente proyecto junto con Concept Bau.<\/p>\n<p>El proyecto de construcci\u00f3n \u201cMARBACH\u201d representa viviendas modernas con car\u00e1cter urbano, valores que tambi\u00e9n se reflejar\u00e1n en el dise\u00f1o de nuestro modelo. Tras la fase digital realizada por nuestro equipo de planificaci\u00f3n, la fabricaci\u00f3n se llevar\u00e1 a cabo utilizando tecnolog\u00edas avanzadas como corte l\u00e1ser, fresado CNC e impresi\u00f3n 3D.<\/p>\n<p>Agradecemos a Concept Bau por la confianza depositada en nuestro trabajo y esperamos un resultado impresionante.<br \/>\n[\/vc_column_text][vc_single_image image=\u00bb28642&#8243; img_size=\u00bblarge\u00bb alignment=\u00bbcenter\u00bb css=\u00bb\u00bb][\/vc_column][\/vc_row]<\/p>\n<\/div>","protected":false},"excerpt":{"rendered":"<p>[vc_row][vc_column][vc_custom_heading text=\u00bb\u00a1Modelo premium para Concept Bau GmbH de M\u00fanich!\u00bb font_container=\u00bbtag:h2|text_align:center|color:%23111111&#8243; use_theme_fonts=\u00bbyes\u00bb css=\u00bb\u00bb][\/vc_column][\/vc_row][vc_row][vc_column][vc_column_text css=\u00bb\u00bb]Nos complace anunciar la colaboraci\u00f3n con Concept Bau&#8230;<\/p>\n","protected":false},"author":3,"featured_media":28637,"comment_status":"closed","ping_status":"closed","sticky":false,"template":"","format":"standard","meta":{"ngg_post_thumbnail":0,"footnotes":""},"categories":[1738],"tags":[2152,2669,1807,2153,2650,2670,2671,2155,2672],"class_list":["post-28636","post","type-post","status-publish","format-standard","has-post-thumbnail","category-blog-es","tag-concept","tag-construccion","tag-maqueta-arquitectonica","tag-marbach","tag-modelismo","tag-modelismomunich","tag-modelospremium","tag-mtcmodellbau","tag-munich"],"yoast_head":"<!-- This site is optimized with the Yoast SEO Premium plugin v25.6 (Yoast SEO v28.4) - https:\/\/yoast.com\/product\/yoast-seo-premium-wordpress\/ -->\n<title>\u00a1Modelo premium para Concept Bau GmbH de M\u00fanich!<\/title>\n<meta name=\"description\" content=\"MTC Modellbau\u00ae realiza el primer modelo arquitect\u00f3nico premium para Concept Bau GmbH de M\u00fanich. Descubra m\u00e1s sobre el proyecto MARBACH a escala 1:150.\" \/>\n<meta name=\"robots\" content=\"index, follow, max-snippet:-1, max-image-preview:large, max-video-preview:-1\" \/>\n<link rel=\"canonical\" href=\"https:\/\/mtc-modellbau.de\/es\/concept-bau-gmbh\/\" \/>\n<meta property=\"og:locale\" content=\"es_ES\" \/>\n<meta property=\"og:type\" content=\"article\" \/>\n<meta property=\"og:title\" content=\"Nuevo proyecto: modelo arquitect\u00f3nico premium para Concept Bau GmbH\" \/>\n<meta property=\"og:description\" content=\"MTC Modellbau\u00ae realiza el primer modelo arquitect\u00f3nico premium para Concept Bau GmbH de M\u00fanich. Descubra m\u00e1s sobre el proyecto MARBACH a escala 1:150.\" \/>\n<meta property=\"og:url\" content=\"https:\/\/mtc-modellbau.de\/es\/concept-bau-gmbh\/\" \/>\n<meta property=\"og:site_name\" content=\"MTC Modellbau\u00ae\" \/>\n<meta property=\"article:publisher\" content=\"https:\/\/www.facebook.com\/MTCmodellbau\/\" \/>\n<meta property=\"article:published_time\" content=\"2025-06-16T13:20:14+00:00\" \/>\n<meta property=\"article:modified_time\" content=\"2025-11-06T14:52:16+00:00\" \/>\n<meta property=\"og:image\" content=\"https:\/\/mtc-modellbau.de\/wp-content\/uploads\/2025\/06\/2a.jpeg\" \/>\n\t<meta property=\"og:image:width\" content=\"1600\" \/>\n\t<meta property=\"og:image:height\" content=\"1018\" \/>\n\t<meta property=\"og:image:type\" content=\"image\/jpeg\" \/>\n<meta name=\"author\" content=\"admin\" \/>\n<meta name=\"twitter:card\" content=\"summary_large_image\" \/>\n<meta name=\"twitter:label1\" content=\"Escrito por\" \/>\n\t<meta name=\"twitter:data1\" content=\"admin\" \/>\n\t<meta name=\"twitter:label2\" content=\"Tiempo de lectura\" \/>\n\t<meta name=\"twitter:data2\" content=\"2 minutos\" \/>\n<script type=\"application\/ld+json\" class=\"yoast-schema-graph\">{\"@context\":\"https:\\\/\\\/schema.org\",\"@graph\":[{\"@type\":\"Article\",\"@id\":\"https:\\\/\\\/mtc-modellbau.de\\\/es\\\/concept-bau-gmbh\\\/#article\",\"isPartOf\":{\"@id\":\"https:\\\/\\\/mtc-modellbau.de\\\/es\\\/concept-bau-gmbh\\\/\"},\"author\":{\"name\":\"admin\",\"@id\":\"https:\\\/\\\/mtc-modellbau.de\\\/es\\\/#\\\/schema\\\/person\\\/f3363c5d7ec45172be1e4df159d0e351\"},\"headline\":\"Nuevo proyecto: modelo arquitect\u00f3nico premium para Concept Bau GmbH\",\"datePublished\":\"2025-06-16T13:20:14+00:00\",\"dateModified\":\"2025-11-06T14:52:16+00:00\",\"mainEntityOfPage\":{\"@id\":\"https:\\\/\\\/mtc-modellbau.de\\\/es\\\/concept-bau-gmbh\\\/\"},\"wordCount\":229,\"publisher\":{\"@id\":\"https:\\\/\\\/mtc-modellbau.de\\\/es\\\/#organization\"},\"image\":{\"@id\":\"https:\\\/\\\/mtc-modellbau.de\\\/es\\\/concept-bau-gmbh\\\/#primaryimage\"},\"thumbnailUrl\":\"https:\\\/\\\/mtc-modellbau.de\\\/wp-content\\\/uploads\\\/2025\\\/06\\\/2a.jpeg\",\"keywords\":[\"concept\",\"construcci\u00f3n\",\"maqueta arquitect\u00f3nica\",\"MARBACH\",\"modelismo\",\"modelismoM\u00fanich\",\"modelosPremium\",\"MTCModellbau\",\"munich\"],\"articleSection\":[\"Blog\"],\"inLanguage\":\"es\"},{\"@type\":\"WebPage\",\"@id\":\"https:\\\/\\\/mtc-modellbau.de\\\/es\\\/concept-bau-gmbh\\\/\",\"url\":\"https:\\\/\\\/mtc-modellbau.de\\\/es\\\/concept-bau-gmbh\\\/\",\"name\":\"\u00a1Modelo premium para Concept Bau GmbH de M\u00fanich!\",\"isPartOf\":{\"@id\":\"https:\\\/\\\/mtc-modellbau.de\\\/es\\\/#website\"},\"primaryImageOfPage\":{\"@id\":\"https:\\\/\\\/mtc-modellbau.de\\\/es\\\/concept-bau-gmbh\\\/#primaryimage\"},\"image\":{\"@id\":\"https:\\\/\\\/mtc-modellbau.de\\\/es\\\/concept-bau-gmbh\\\/#primaryimage\"},\"thumbnailUrl\":\"https:\\\/\\\/mtc-modellbau.de\\\/wp-content\\\/uploads\\\/2025\\\/06\\\/2a.jpeg\",\"datePublished\":\"2025-06-16T13:20:14+00:00\",\"dateModified\":\"2025-11-06T14:52:16+00:00\",\"description\":\"MTC Modellbau\u00ae realiza el primer modelo arquitect\u00f3nico premium para Concept Bau GmbH de M\u00fanich. Descubra m\u00e1s sobre el proyecto MARBACH a escala 1:150.\",\"breadcrumb\":{\"@id\":\"https:\\\/\\\/mtc-modellbau.de\\\/es\\\/concept-bau-gmbh\\\/#breadcrumb\"},\"inLanguage\":\"es\",\"potentialAction\":[{\"@type\":\"ReadAction\",\"target\":[\"https:\\\/\\\/mtc-modellbau.de\\\/es\\\/concept-bau-gmbh\\\/\"]}]},{\"@type\":\"ImageObject\",\"inLanguage\":\"es\",\"@id\":\"https:\\\/\\\/mtc-modellbau.de\\\/es\\\/concept-bau-gmbh\\\/#primaryimage\",\"url\":\"https:\\\/\\\/mtc-modellbau.de\\\/wp-content\\\/uploads\\\/2025\\\/06\\\/2a.jpeg\",\"contentUrl\":\"https:\\\/\\\/mtc-modellbau.de\\\/wp-content\\\/uploads\\\/2025\\\/06\\\/2a.jpeg\",\"width\":1600,\"height\":1018},{\"@type\":\"BreadcrumbList\",\"@id\":\"https:\\\/\\\/mtc-modellbau.de\\\/es\\\/concept-bau-gmbh\\\/#breadcrumb\",\"itemListElement\":[{\"@type\":\"ListItem\",\"position\":1,\"name\":\"Startseite\",\"item\":\"https:\\\/\\\/mtc-modellbau.de\\\/es\\\/\"},{\"@type\":\"ListItem\",\"position\":2,\"name\":\"Nuevo proyecto: modelo arquitect\u00f3nico premium para Concept Bau GmbH\"}]},{\"@type\":\"WebSite\",\"@id\":\"https:\\\/\\\/mtc-modellbau.de\\\/es\\\/#website\",\"url\":\"https:\\\/\\\/mtc-modellbau.de\\\/es\\\/\",\"name\":\"MTC Modellbau\u00ae\",\"description\":\"Die wertigsten Modelle Deutschlands!\",\"publisher\":{\"@id\":\"https:\\\/\\\/mtc-modellbau.de\\\/es\\\/#organization\"},\"potentialAction\":[{\"@type\":\"SearchAction\",\"target\":{\"@type\":\"EntryPoint\",\"urlTemplate\":\"https:\\\/\\\/mtc-modellbau.de\\\/es\\\/?s={search_term_string}\"},\"query-input\":{\"@type\":\"PropertyValueSpecification\",\"valueRequired\":true,\"valueName\":\"search_term_string\"}}],\"inLanguage\":\"es\"},{\"@type\":\"Organization\",\"@id\":\"https:\\\/\\\/mtc-modellbau.de\\\/es\\\/#organization\",\"name\":\"Architekturmodellbau by MTC Modellbau\u00ae\",\"url\":\"https:\\\/\\\/mtc-modellbau.de\\\/es\\\/\",\"logo\":{\"@type\":\"ImageObject\",\"inLanguage\":\"es\",\"@id\":\"https:\\\/\\\/mtc-modellbau.de\\\/es\\\/#\\\/schema\\\/logo\\\/image\\\/\",\"url\":\"https:\\\/\\\/mtc-modellbau.de\\\/wp-content\\\/uploads\\\/2018\\\/07\\\/MTC-Modellbau-Logo-Black.png\",\"contentUrl\":\"https:\\\/\\\/mtc-modellbau.de\\\/wp-content\\\/uploads\\\/2018\\\/07\\\/MTC-Modellbau-Logo-Black.png\",\"width\":400,\"height\":200,\"caption\":\"Architekturmodellbau by MTC Modellbau\u00ae\"},\"image\":{\"@id\":\"https:\\\/\\\/mtc-modellbau.de\\\/es\\\/#\\\/schema\\\/logo\\\/image\\\/\"},\"sameAs\":[\"https:\\\/\\\/www.facebook.com\\\/MTCmodellbau\\\/\"]},{\"@type\":\"Person\",\"@id\":\"https:\\\/\\\/mtc-modellbau.de\\\/es\\\/#\\\/schema\\\/person\\\/f3363c5d7ec45172be1e4df159d0e351\",\"name\":\"admin\",\"image\":{\"@type\":\"ImageObject\",\"inLanguage\":\"es\",\"@id\":\"https:\\\/\\\/secure.gravatar.com\\\/avatar\\\/ed2cec554e8d7ed7fb2936bb9ac776313b2d65426e2aefeca83611157b6f41d9?s=96&d=mm&r=g\",\"url\":\"https:\\\/\\\/secure.gravatar.com\\\/avatar\\\/ed2cec554e8d7ed7fb2936bb9ac776313b2d65426e2aefeca83611157b6f41d9?s=96&d=mm&r=g\",\"contentUrl\":\"https:\\\/\\\/secure.gravatar.com\\\/avatar\\\/ed2cec554e8d7ed7fb2936bb9ac776313b2d65426e2aefeca83611157b6f41d9?s=96&d=mm&r=g\",\"caption\":\"admin\"}}]}<\/script>\n<!-- \/ Yoast SEO Premium plugin. -->","yoast_head_json":{"title":"\u00a1Modelo premium para Concept Bau GmbH de M\u00fanich!","description":"MTC Modellbau\u00ae realiza el primer modelo arquitect\u00f3nico premium para Concept Bau GmbH de M\u00fanich. Descubra m\u00e1s sobre el proyecto MARBACH a escala 1:150.","robots":{"index":"index","follow":"follow","max-snippet":"max-snippet:-1","max-image-preview":"max-image-preview:large","max-video-preview":"max-video-preview:-1"},"canonical":"https:\/\/mtc-modellbau.de\/es\/concept-bau-gmbh\/","og_locale":"es_ES","og_type":"article","og_title":"Nuevo proyecto: modelo arquitect\u00f3nico premium para Concept Bau GmbH","og_description":"MTC Modellbau\u00ae realiza el primer modelo arquitect\u00f3nico premium para Concept Bau GmbH de M\u00fanich. Descubra m\u00e1s sobre el proyecto MARBACH a escala 1:150.","og_url":"https:\/\/mtc-modellbau.de\/es\/concept-bau-gmbh\/","og_site_name":"MTC Modellbau\u00ae","article_publisher":"https:\/\/www.facebook.com\/MTCmodellbau\/","article_published_time":"2025-06-16T13:20:14+00:00","article_modified_time":"2025-11-06T14:52:16+00:00","og_image":[{"width":1600,"height":1018,"url":"https:\/\/mtc-modellbau.de\/wp-content\/uploads\/2025\/06\/2a.jpeg","type":"image\/jpeg"}],"author":"admin","twitter_card":"summary_large_image","twitter_misc":{"Escrito por":"admin","Tiempo de lectura":"2 minutos"},"schema":{"@context":"https:\/\/schema.org","@graph":[{"@type":"Article","@id":"https:\/\/mtc-modellbau.de\/es\/concept-bau-gmbh\/#article","isPartOf":{"@id":"https:\/\/mtc-modellbau.de\/es\/concept-bau-gmbh\/"},"author":{"name":"admin","@id":"https:\/\/mtc-modellbau.de\/es\/#\/schema\/person\/f3363c5d7ec45172be1e4df159d0e351"},"headline":"Nuevo proyecto: modelo arquitect\u00f3nico premium para Concept Bau GmbH","datePublished":"2025-06-16T13:20:14+00:00","dateModified":"2025-11-06T14:52:16+00:00","mainEntityOfPage":{"@id":"https:\/\/mtc-modellbau.de\/es\/concept-bau-gmbh\/"},"wordCount":229,"publisher":{"@id":"https:\/\/mtc-modellbau.de\/es\/#organization"},"image":{"@id":"https:\/\/mtc-modellbau.de\/es\/concept-bau-gmbh\/#primaryimage"},"thumbnailUrl":"https:\/\/mtc-modellbau.de\/wp-content\/uploads\/2025\/06\/2a.jpeg","keywords":["concept","construcci\u00f3n","maqueta arquitect\u00f3nica","MARBACH","modelismo","modelismoM\u00fanich","modelosPremium","MTCModellbau","munich"],"articleSection":["Blog"],"inLanguage":"es"},{"@type":"WebPage","@id":"https:\/\/mtc-modellbau.de\/es\/concept-bau-gmbh\/","url":"https:\/\/mtc-modellbau.de\/es\/concept-bau-gmbh\/","name":"\u00a1Modelo premium para Concept Bau GmbH de M\u00fanich!","isPartOf":{"@id":"https:\/\/mtc-modellbau.de\/es\/#website"},"primaryImageOfPage":{"@id":"https:\/\/mtc-modellbau.de\/es\/concept-bau-gmbh\/#primaryimage"},"image":{"@id":"https:\/\/mtc-modellbau.de\/es\/concept-bau-gmbh\/#primaryimage"},"thumbnailUrl":"https:\/\/mtc-modellbau.de\/wp-content\/uploads\/2025\/06\/2a.jpeg","datePublished":"2025-06-16T13:20:14+00:00","dateModified":"2025-11-06T14:52:16+00:00","description":"MTC Modellbau\u00ae realiza el primer modelo arquitect\u00f3nico premium para Concept Bau GmbH de M\u00fanich. Descubra m\u00e1s sobre el proyecto MARBACH a escala 1:150.","breadcrumb":{"@id":"https:\/\/mtc-modellbau.de\/es\/concept-bau-gmbh\/#breadcrumb"},"inLanguage":"es","potentialAction":[{"@type":"ReadAction","target":["https:\/\/mtc-modellbau.de\/es\/concept-bau-gmbh\/"]}]},{"@type":"ImageObject","inLanguage":"es","@id":"https:\/\/mtc-modellbau.de\/es\/concept-bau-gmbh\/#primaryimage","url":"https:\/\/mtc-modellbau.de\/wp-content\/uploads\/2025\/06\/2a.jpeg","contentUrl":"https:\/\/mtc-modellbau.de\/wp-content\/uploads\/2025\/06\/2a.jpeg","width":1600,"height":1018},{"@type":"BreadcrumbList","@id":"https:\/\/mtc-modellbau.de\/es\/concept-bau-gmbh\/#breadcrumb","itemListElement":[{"@type":"ListItem","position":1,"name":"Startseite","item":"https:\/\/mtc-modellbau.de\/es\/"},{"@type":"ListItem","position":2,"name":"Nuevo proyecto: modelo arquitect\u00f3nico premium para Concept Bau GmbH"}]},{"@type":"WebSite","@id":"https:\/\/mtc-modellbau.de\/es\/#website","url":"https:\/\/mtc-modellbau.de\/es\/","name":"MTC Modellbau\u00ae","description":"Die wertigsten Modelle Deutschlands!","publisher":{"@id":"https:\/\/mtc-modellbau.de\/es\/#organization"},"potentialAction":[{"@type":"SearchAction","target":{"@type":"EntryPoint","urlTemplate":"https:\/\/mtc-modellbau.de\/es\/?s={search_term_string}"},"query-input":{"@type":"PropertyValueSpecification","valueRequired":true,"valueName":"search_term_string"}}],"inLanguage":"es"},{"@type":"Organization","@id":"https:\/\/mtc-modellbau.de\/es\/#organization","name":"Architekturmodellbau by MTC Modellbau\u00ae","url":"https:\/\/mtc-modellbau.de\/es\/","logo":{"@type":"ImageObject","inLanguage":"es","@id":"https:\/\/mtc-modellbau.de\/es\/#\/schema\/logo\/image\/","url":"https:\/\/mtc-modellbau.de\/wp-content\/uploads\/2018\/07\/MTC-Modellbau-Logo-Black.png","contentUrl":"https:\/\/mtc-modellbau.de\/wp-content\/uploads\/2018\/07\/MTC-Modellbau-Logo-Black.png","width":400,"height":200,"caption":"Architekturmodellbau by MTC Modellbau\u00ae"},"image":{"@id":"https:\/\/mtc-modellbau.de\/es\/#\/schema\/logo\/image\/"},"sameAs":["https:\/\/www.facebook.com\/MTCmodellbau\/"]},{"@type":"Person","@id":"https:\/\/mtc-modellbau.de\/es\/#\/schema\/person\/f3363c5d7ec45172be1e4df159d0e351","name":"admin","image":{"@type":"ImageObject","inLanguage":"es","@id":"https:\/\/secure.gravatar.com\/avatar\/ed2cec554e8d7ed7fb2936bb9ac776313b2d65426e2aefeca83611157b6f41d9?s=96&d=mm&r=g","url":"https:\/\/secure.gravatar.com\/avatar\/ed2cec554e8d7ed7fb2936bb9ac776313b2d65426e2aefeca83611157b6f41d9?s=96&d=mm&r=g","contentUrl":"https:\/\/secure.gravatar.com\/avatar\/ed2cec554e8d7ed7fb2936bb9ac776313b2d65426e2aefeca83611157b6f41d9?s=96&d=mm&r=g","caption":"admin"}}]}},"menu_order":0,"_links":{"self":[{"href":"https:\/\/mtc-modellbau.de\/es\/wp-json\/wp\/v2\/posts\/28636","targetHints":{"allow":["GET"]}}],"collection":[{"href":"https:\/\/mtc-modellbau.de\/es\/wp-json\/wp\/v2\/posts"}],"about":[{"href":"https:\/\/mtc-modellbau.de\/es\/wp-json\/wp\/v2\/types\/post"}],"author":[{"embeddable":true,"href":"https:\/\/mtc-modellbau.de\/es\/wp-json\/wp\/v2\/users\/3"}],"replies":[{"embeddable":true,"href":"https:\/\/mtc-modellbau.de\/es\/wp-json\/wp\/v2\/comments?post=28636"}],"version-history":[{"count":0,"href":"https:\/\/mtc-modellbau.de\/es\/wp-json\/wp\/v2\/posts\/28636\/revisions"}],"wp:featuredmedia":[{"embeddable":true,"href":"https:\/\/mtc-modellbau.de\/es\/wp-json\/wp\/v2\/media\/28637"}],"wp:attachment":[{"href":"https:\/\/mtc-modellbau.de\/es\/wp-json\/wp\/v2\/media?parent=28636"}],"wp:term":[{"taxonomy":"category","embeddable":true,"href":"https:\/\/mtc-modellbau.de\/es\/wp-json\/wp\/v2\/categories?post=28636"},{"taxonomy":"post_tag","embeddable":true,"href":"https:\/\/mtc-modellbau.de\/es\/wp-json\/wp\/v2\/tags?post=28636"}],"curies":[{"name":"wp","href":"https:\/\/api.w.org\/{rel}","templated":true}]}}