{"id":28763,"date":"2023-12-21T16:16:42","date_gmt":"2023-12-21T15:16:42","guid":{"rendered":"https:\/\/mtc-modellbau.de\/modell-preise\/"},"modified":"2025-11-07T05:11:31","modified_gmt":"2025-11-07T04:11:31","slug":"precios-de-maquetas","status":"publish","type":"post","link":"https:\/\/mtc-modellbau.de\/es\/precios-de-maquetas\/","title":{"rendered":"El coste de las maquetas arquitect\u00f3nicas: por qu\u00e9 cada proyecto es \u00fanico"},"content":{"rendered":"<div class=\"wpb-content-wrapper\" id=\"wpb-content-root\"><p>[vc_row][vc_column][vc_custom_heading text=\u00bbPrecios de maquetas arquitect\u00f3nicas\u00bb font_container=\u00bbtag:h2|text_align:center\u00bb use_theme_fonts=\u00bbyes\u00bb css=\u00bb\u00bb][\/vc_column][\/vc_row][vc_row][vc_column][vc_column_text css=\u00bb\u00bb]Al planificar maquetas arquitect\u00f3nicas, surge con frecuencia la pregunta sobre los costos. Muchos esperan una respuesta simple o una lista de precios, pero la realidad es diferente. Las maquetas arquitect\u00f3nicas son, por naturaleza, \u00fanicas y personalizadas. En este art\u00edculo explicamos por qu\u00e9 es dif\u00edcil establecer precios fijos para estos proyectos y qu\u00e9 significa esta individualidad para la planificaci\u00f3n de su proyecto.<\/p>\n<h4>La singularidad de cada maqueta arquitect\u00f3nica<\/h4>\n<p>Las maquetas arquitect\u00f3nicas son mucho m\u00e1s que representaciones f\u00edsicas de edificios o estructuras. Son la materializaci\u00f3n de la creatividad, la planificaci\u00f3n detallada y el conocimiento t\u00e9cnico. Cada maqueta se dise\u00f1a para un prop\u00f3sito espec\u00edfico, ya sea una presentaci\u00f3n, un concurso o parte de una planificaci\u00f3n m\u00e1s amplia. Esta especializaci\u00f3n requiere un enfoque individual que influye directamente en el costo.<\/p>\n<h4>Factores que influyen en el costo<\/h4>\n<ol>\n<li><strong>Complejidad del dise\u00f1o:<\/strong> Cuanto m\u00e1s complejo y detallado sea el modelo, m\u00e1s tiempo y recursos ser\u00e1n necesarios para su realizaci\u00f3n.<\/li>\n<li><strong>Tama\u00f1o de la maqueta:<\/strong> Los modelos de mayor tama\u00f1o requieren m\u00e1s materiales y pueden presentar desaf\u00edos log\u00edsticos.<\/li>\n<li><strong>Materiales y t\u00e9cnicas:<\/strong> La elecci\u00f3n de los materiales y las t\u00e9cnicas aplicadas puede variar considerablemente y afectar el costo total.<\/li>\n<li><strong>Plazos:<\/strong> Los plazos m\u00e1s ajustados pueden generar costos adicionales, ya que se requieren m\u00e1s recursos para cumplir con la entrega a tiempo.<\/li>\n<\/ol>\n<h4>\u00bfPor qu\u00e9 no existen precios fijos?<\/h4>\n<p>Debido a estas variables, es pr\u00e1cticamente imposible ofrecer un precio est\u00e1ndar para todas las maquetas arquitect\u00f3nicas. Cada proyecto tiene sus propios requisitos y especificaciones. Un precio fijo no reflejar\u00eda la singularidad del proyecto ni la calidad necesaria para su correcta ejecuci\u00f3n.<\/p>\n<h4>Precios personalizados<\/h4>\n<p>La mejor manera de obtener una estimaci\u00f3n de costos para su maqueta espec\u00edfica es mediante una consulta directa con un especialista. Al hablar sobre su proyecto, sus objetivos y expectativas, podemos ofrecerle un presupuesto realista y justo que tenga en cuenta todos los aspectos de su proyecto \u00fanico.<\/p>\n<h4>Conclusi\u00f3n<\/h4>\n<p>Las maquetas arquitect\u00f3nicas son verdaderas obras de arte que desempe\u00f1an un papel clave en la planificaci\u00f3n y presentaci\u00f3n de proyectos de construcci\u00f3n. Son tan individuales como las ideas que representan y, por lo tanto, su valoraci\u00f3n tambi\u00e9n requiere un enfoque personalizado. Reconociendo la singularidad de su proyecto, podr\u00e1 planificar un presupuesto realista que equilibre sus necesidades creativas y financieras.<\/p>\n<h4>Cont\u00e1ctenos<\/h4>\n<p>\u00bfTiene un proyecto para el que necesita una maqueta arquitect\u00f3nica? Cont\u00e1ctenos para una consulta personalizada y un presupuesto a medida. Estaremos encantados de ayudarle a convertir su visi\u00f3n en realidad.<br \/>\n&#x1f4de; +49 (0) 6027 2059210[\/vc_column_text][\/vc_column][\/vc_row]<\/p>\n<\/div>","protected":false},"excerpt":{"rendered":"<p>[vc_row][vc_column][vc_custom_heading text=\u00bbPrecios de maquetas arquitect\u00f3nicas\u00bb font_container=\u00bbtag:h2|text_align:center\u00bb use_theme_fonts=\u00bbyes\u00bb css=\u00bb\u00bb][\/vc_column][\/vc_row][vc_row][vc_column][vc_column_text css=\u00bb\u00bb]Al planificar maquetas arquitect\u00f3nicas, surge con frecuencia la pregunta sobre los costos&#8230;.<\/p>\n","protected":false},"author":3,"featured_media":28628,"comment_status":"closed","ping_status":"closed","sticky":false,"template":"","format":"standard","meta":{"ngg_post_thumbnail":0,"footnotes":""},"categories":[1738],"tags":[2698,2697,2650,2708,2709],"class_list":["post-28763","post","type-post","status-publish","format-standard","has-post-thumbnail","category-blog-es","tag-construccion-de-prototipos","tag-maqueta","tag-modelismo","tag-modelo-de-feria","tag-precios"],"yoast_head":"<!-- This site is optimized with the Yoast SEO Premium plugin v25.6 (Yoast SEO v28.4) - https:\/\/yoast.com\/product\/yoast-seo-premium-wordpress\/ -->\n<title>Precios de maquetas arquitect\u00f3nicas<\/title>\n<meta name=\"description\" content=\"Al planificar maquetas arquitect\u00f3nicas, a menudo surge la pregunta sobre los costos. Muchos esperan una respuesta sencilla o una lista de precios\u2026\" \/>\n<meta name=\"robots\" content=\"index, follow, max-snippet:-1, max-image-preview:large, max-video-preview:-1\" \/>\n<link rel=\"canonical\" href=\"https:\/\/mtc-modellbau.de\/es\/precios-de-maquetas\/\" \/>\n<meta property=\"og:locale\" content=\"es_ES\" \/>\n<meta property=\"og:type\" content=\"article\" \/>\n<meta property=\"og:title\" content=\"El coste de las maquetas arquitect\u00f3nicas: por qu\u00e9 cada proyecto es \u00fanico\" \/>\n<meta property=\"og:description\" content=\"Al planificar maquetas arquitect\u00f3nicas, a menudo surge la pregunta sobre los costos. Muchos esperan una respuesta sencilla o una lista de precios\u2026\" \/>\n<meta property=\"og:url\" content=\"https:\/\/mtc-modellbau.de\/es\/precios-de-maquetas\/\" \/>\n<meta property=\"og:site_name\" content=\"MTC Modellbau\u00ae\" \/>\n<meta property=\"article:publisher\" content=\"https:\/\/www.facebook.com\/MTCmodellbau\/\" \/>\n<meta property=\"article:published_time\" content=\"2023-12-21T15:16:42+00:00\" \/>\n<meta property=\"article:modified_time\" content=\"2025-11-07T04:11:31+00:00\" \/>\n<meta property=\"og:image\" content=\"https:\/\/mtc-modellbau.de\/wp-content\/uploads\/2023\/11\/MTC-Modellbau-scaled.jpg\" \/>\n\t<meta property=\"og:image:width\" content=\"2560\" \/>\n\t<meta property=\"og:image:height\" content=\"1707\" \/>\n\t<meta property=\"og:image:type\" content=\"image\/jpeg\" \/>\n<meta name=\"author\" content=\"admin\" \/>\n<meta name=\"twitter:card\" content=\"summary_large_image\" \/>\n<meta name=\"twitter:label1\" content=\"Escrito por\" \/>\n\t<meta name=\"twitter:data1\" content=\"admin\" \/>\n\t<meta name=\"twitter:label2\" content=\"Tiempo de lectura\" \/>\n\t<meta name=\"twitter:data2\" content=\"3 minutos\" \/>\n<script type=\"application\/ld+json\" class=\"yoast-schema-graph\">{\"@context\":\"https:\\\/\\\/schema.org\",\"@graph\":[{\"@type\":\"Article\",\"@id\":\"https:\\\/\\\/mtc-modellbau.de\\\/es\\\/precios-de-maquetas\\\/#article\",\"isPartOf\":{\"@id\":\"https:\\\/\\\/mtc-modellbau.de\\\/es\\\/precios-de-maquetas\\\/\"},\"author\":{\"name\":\"admin\",\"@id\":\"https:\\\/\\\/mtc-modellbau.de\\\/es\\\/#\\\/schema\\\/person\\\/f3363c5d7ec45172be1e4df159d0e351\"},\"headline\":\"El coste de las maquetas arquitect\u00f3nicas: por qu\u00e9 cada proyecto es \u00fanico\",\"datePublished\":\"2023-12-21T15:16:42+00:00\",\"dateModified\":\"2025-11-07T04:11:31+00:00\",\"mainEntityOfPage\":{\"@id\":\"https:\\\/\\\/mtc-modellbau.de\\\/es\\\/precios-de-maquetas\\\/\"},\"wordCount\":512,\"publisher\":{\"@id\":\"https:\\\/\\\/mtc-modellbau.de\\\/es\\\/#organization\"},\"image\":{\"@id\":\"https:\\\/\\\/mtc-modellbau.de\\\/es\\\/precios-de-maquetas\\\/#primaryimage\"},\"thumbnailUrl\":\"https:\\\/\\\/mtc-modellbau.de\\\/wp-content\\\/uploads\\\/2023\\\/11\\\/MTC-Modellbau-scaled.jpg\",\"keywords\":[\"construcci\u00f3n de prototipos\",\"maqueta\",\"modelismo\",\"modelo de feria\",\"precios\"],\"articleSection\":[\"Blog\"],\"inLanguage\":\"es\"},{\"@type\":\"WebPage\",\"@id\":\"https:\\\/\\\/mtc-modellbau.de\\\/es\\\/precios-de-maquetas\\\/\",\"url\":\"https:\\\/\\\/mtc-modellbau.de\\\/es\\\/precios-de-maquetas\\\/\",\"name\":\"Precios de maquetas arquitect\u00f3nicas\",\"isPartOf\":{\"@id\":\"https:\\\/\\\/mtc-modellbau.de\\\/es\\\/#website\"},\"primaryImageOfPage\":{\"@id\":\"https:\\\/\\\/mtc-modellbau.de\\\/es\\\/precios-de-maquetas\\\/#primaryimage\"},\"image\":{\"@id\":\"https:\\\/\\\/mtc-modellbau.de\\\/es\\\/precios-de-maquetas\\\/#primaryimage\"},\"thumbnailUrl\":\"https:\\\/\\\/mtc-modellbau.de\\\/wp-content\\\/uploads\\\/2023\\\/11\\\/MTC-Modellbau-scaled.jpg\",\"datePublished\":\"2023-12-21T15:16:42+00:00\",\"dateModified\":\"2025-11-07T04:11:31+00:00\",\"description\":\"Al planificar maquetas arquitect\u00f3nicas, a menudo surge la pregunta sobre los costos. Muchos esperan una respuesta sencilla o una lista de precios\u2026\",\"breadcrumb\":{\"@id\":\"https:\\\/\\\/mtc-modellbau.de\\\/es\\\/precios-de-maquetas\\\/#breadcrumb\"},\"inLanguage\":\"es\",\"potentialAction\":[{\"@type\":\"ReadAction\",\"target\":[\"https:\\\/\\\/mtc-modellbau.de\\\/es\\\/precios-de-maquetas\\\/\"]}]},{\"@type\":\"ImageObject\",\"inLanguage\":\"es\",\"@id\":\"https:\\\/\\\/mtc-modellbau.de\\\/es\\\/precios-de-maquetas\\\/#primaryimage\",\"url\":\"https:\\\/\\\/mtc-modellbau.de\\\/wp-content\\\/uploads\\\/2023\\\/11\\\/MTC-Modellbau-scaled.jpg\",\"contentUrl\":\"https:\\\/\\\/mtc-modellbau.de\\\/wp-content\\\/uploads\\\/2023\\\/11\\\/MTC-Modellbau-scaled.jpg\",\"width\":2560,\"height\":1707},{\"@type\":\"BreadcrumbList\",\"@id\":\"https:\\\/\\\/mtc-modellbau.de\\\/es\\\/precios-de-maquetas\\\/#breadcrumb\",\"itemListElement\":[{\"@type\":\"ListItem\",\"position\":1,\"name\":\"Startseite\",\"item\":\"https:\\\/\\\/mtc-modellbau.de\\\/es\\\/\"},{\"@type\":\"ListItem\",\"position\":2,\"name\":\"El coste de las maquetas arquitect\u00f3nicas: por qu\u00e9 cada proyecto es \u00fanico\"}]},{\"@type\":\"WebSite\",\"@id\":\"https:\\\/\\\/mtc-modellbau.de\\\/es\\\/#website\",\"url\":\"https:\\\/\\\/mtc-modellbau.de\\\/es\\\/\",\"name\":\"MTC Modellbau\u00ae\",\"description\":\"Die wertigsten Modelle Deutschlands!\",\"publisher\":{\"@id\":\"https:\\\/\\\/mtc-modellbau.de\\\/es\\\/#organization\"},\"potentialAction\":[{\"@type\":\"SearchAction\",\"target\":{\"@type\":\"EntryPoint\",\"urlTemplate\":\"https:\\\/\\\/mtc-modellbau.de\\\/es\\\/?s={search_term_string}\"},\"query-input\":{\"@type\":\"PropertyValueSpecification\",\"valueRequired\":true,\"valueName\":\"search_term_string\"}}],\"inLanguage\":\"es\"},{\"@type\":\"Organization\",\"@id\":\"https:\\\/\\\/mtc-modellbau.de\\\/es\\\/#organization\",\"name\":\"Architekturmodellbau by MTC Modellbau\u00ae\",\"url\":\"https:\\\/\\\/mtc-modellbau.de\\\/es\\\/\",\"logo\":{\"@type\":\"ImageObject\",\"inLanguage\":\"es\",\"@id\":\"https:\\\/\\\/mtc-modellbau.de\\\/es\\\/#\\\/schema\\\/logo\\\/image\\\/\",\"url\":\"https:\\\/\\\/mtc-modellbau.de\\\/wp-content\\\/uploads\\\/2018\\\/07\\\/MTC-Modellbau-Logo-Black.png\",\"contentUrl\":\"https:\\\/\\\/mtc-modellbau.de\\\/wp-content\\\/uploads\\\/2018\\\/07\\\/MTC-Modellbau-Logo-Black.png\",\"width\":400,\"height\":200,\"caption\":\"Architekturmodellbau by MTC Modellbau\u00ae\"},\"image\":{\"@id\":\"https:\\\/\\\/mtc-modellbau.de\\\/es\\\/#\\\/schema\\\/logo\\\/image\\\/\"},\"sameAs\":[\"https:\\\/\\\/www.facebook.com\\\/MTCmodellbau\\\/\"]},{\"@type\":\"Person\",\"@id\":\"https:\\\/\\\/mtc-modellbau.de\\\/es\\\/#\\\/schema\\\/person\\\/f3363c5d7ec45172be1e4df159d0e351\",\"name\":\"admin\",\"image\":{\"@type\":\"ImageObject\",\"inLanguage\":\"es\",\"@id\":\"https:\\\/\\\/secure.gravatar.com\\\/avatar\\\/ed2cec554e8d7ed7fb2936bb9ac776313b2d65426e2aefeca83611157b6f41d9?s=96&d=mm&r=g\",\"url\":\"https:\\\/\\\/secure.gravatar.com\\\/avatar\\\/ed2cec554e8d7ed7fb2936bb9ac776313b2d65426e2aefeca83611157b6f41d9?s=96&d=mm&r=g\",\"contentUrl\":\"https:\\\/\\\/secure.gravatar.com\\\/avatar\\\/ed2cec554e8d7ed7fb2936bb9ac776313b2d65426e2aefeca83611157b6f41d9?s=96&d=mm&r=g\",\"caption\":\"admin\"}}]}<\/script>\n<!-- \/ Yoast SEO Premium plugin. -->","yoast_head_json":{"title":"Precios de maquetas arquitect\u00f3nicas","description":"Al planificar maquetas arquitect\u00f3nicas, a menudo surge la pregunta sobre los costos. Muchos esperan una respuesta sencilla o una lista de precios\u2026","robots":{"index":"index","follow":"follow","max-snippet":"max-snippet:-1","max-image-preview":"max-image-preview:large","max-video-preview":"max-video-preview:-1"},"canonical":"https:\/\/mtc-modellbau.de\/es\/precios-de-maquetas\/","og_locale":"es_ES","og_type":"article","og_title":"El coste de las maquetas arquitect\u00f3nicas: por qu\u00e9 cada proyecto es \u00fanico","og_description":"Al planificar maquetas arquitect\u00f3nicas, a menudo surge la pregunta sobre los costos. Muchos esperan una respuesta sencilla o una lista de precios\u2026","og_url":"https:\/\/mtc-modellbau.de\/es\/precios-de-maquetas\/","og_site_name":"MTC Modellbau\u00ae","article_publisher":"https:\/\/www.facebook.com\/MTCmodellbau\/","article_published_time":"2023-12-21T15:16:42+00:00","article_modified_time":"2025-11-07T04:11:31+00:00","og_image":[{"width":2560,"height":1707,"url":"https:\/\/mtc-modellbau.de\/wp-content\/uploads\/2023\/11\/MTC-Modellbau-scaled.jpg","type":"image\/jpeg"}],"author":"admin","twitter_card":"summary_large_image","twitter_misc":{"Escrito por":"admin","Tiempo de lectura":"3 minutos"},"schema":{"@context":"https:\/\/schema.org","@graph":[{"@type":"Article","@id":"https:\/\/mtc-modellbau.de\/es\/precios-de-maquetas\/#article","isPartOf":{"@id":"https:\/\/mtc-modellbau.de\/es\/precios-de-maquetas\/"},"author":{"name":"admin","@id":"https:\/\/mtc-modellbau.de\/es\/#\/schema\/person\/f3363c5d7ec45172be1e4df159d0e351"},"headline":"El coste de las maquetas arquitect\u00f3nicas: por qu\u00e9 cada proyecto es \u00fanico","datePublished":"2023-12-21T15:16:42+00:00","dateModified":"2025-11-07T04:11:31+00:00","mainEntityOfPage":{"@id":"https:\/\/mtc-modellbau.de\/es\/precios-de-maquetas\/"},"wordCount":512,"publisher":{"@id":"https:\/\/mtc-modellbau.de\/es\/#organization"},"image":{"@id":"https:\/\/mtc-modellbau.de\/es\/precios-de-maquetas\/#primaryimage"},"thumbnailUrl":"https:\/\/mtc-modellbau.de\/wp-content\/uploads\/2023\/11\/MTC-Modellbau-scaled.jpg","keywords":["construcci\u00f3n de prototipos","maqueta","modelismo","modelo de feria","precios"],"articleSection":["Blog"],"inLanguage":"es"},{"@type":"WebPage","@id":"https:\/\/mtc-modellbau.de\/es\/precios-de-maquetas\/","url":"https:\/\/mtc-modellbau.de\/es\/precios-de-maquetas\/","name":"Precios de maquetas arquitect\u00f3nicas","isPartOf":{"@id":"https:\/\/mtc-modellbau.de\/es\/#website"},"primaryImageOfPage":{"@id":"https:\/\/mtc-modellbau.de\/es\/precios-de-maquetas\/#primaryimage"},"image":{"@id":"https:\/\/mtc-modellbau.de\/es\/precios-de-maquetas\/#primaryimage"},"thumbnailUrl":"https:\/\/mtc-modellbau.de\/wp-content\/uploads\/2023\/11\/MTC-Modellbau-scaled.jpg","datePublished":"2023-12-21T15:16:42+00:00","dateModified":"2025-11-07T04:11:31+00:00","description":"Al planificar maquetas arquitect\u00f3nicas, a menudo surge la pregunta sobre los costos. Muchos esperan una respuesta sencilla o una lista de precios\u2026","breadcrumb":{"@id":"https:\/\/mtc-modellbau.de\/es\/precios-de-maquetas\/#breadcrumb"},"inLanguage":"es","potentialAction":[{"@type":"ReadAction","target":["https:\/\/mtc-modellbau.de\/es\/precios-de-maquetas\/"]}]},{"@type":"ImageObject","inLanguage":"es","@id":"https:\/\/mtc-modellbau.de\/es\/precios-de-maquetas\/#primaryimage","url":"https:\/\/mtc-modellbau.de\/wp-content\/uploads\/2023\/11\/MTC-Modellbau-scaled.jpg","contentUrl":"https:\/\/mtc-modellbau.de\/wp-content\/uploads\/2023\/11\/MTC-Modellbau-scaled.jpg","width":2560,"height":1707},{"@type":"BreadcrumbList","@id":"https:\/\/mtc-modellbau.de\/es\/precios-de-maquetas\/#breadcrumb","itemListElement":[{"@type":"ListItem","position":1,"name":"Startseite","item":"https:\/\/mtc-modellbau.de\/es\/"},{"@type":"ListItem","position":2,"name":"El coste de las maquetas arquitect\u00f3nicas: por qu\u00e9 cada proyecto es \u00fanico"}]},{"@type":"WebSite","@id":"https:\/\/mtc-modellbau.de\/es\/#website","url":"https:\/\/mtc-modellbau.de\/es\/","name":"MTC Modellbau\u00ae","description":"Die wertigsten Modelle Deutschlands!","publisher":{"@id":"https:\/\/mtc-modellbau.de\/es\/#organization"},"potentialAction":[{"@type":"SearchAction","target":{"@type":"EntryPoint","urlTemplate":"https:\/\/mtc-modellbau.de\/es\/?s={search_term_string}"},"query-input":{"@type":"PropertyValueSpecification","valueRequired":true,"valueName":"search_term_string"}}],"inLanguage":"es"},{"@type":"Organization","@id":"https:\/\/mtc-modellbau.de\/es\/#organization","name":"Architekturmodellbau by MTC Modellbau\u00ae","url":"https:\/\/mtc-modellbau.de\/es\/","logo":{"@type":"ImageObject","inLanguage":"es","@id":"https:\/\/mtc-modellbau.de\/es\/#\/schema\/logo\/image\/","url":"https:\/\/mtc-modellbau.de\/wp-content\/uploads\/2018\/07\/MTC-Modellbau-Logo-Black.png","contentUrl":"https:\/\/mtc-modellbau.de\/wp-content\/uploads\/2018\/07\/MTC-Modellbau-Logo-Black.png","width":400,"height":200,"caption":"Architekturmodellbau by MTC Modellbau\u00ae"},"image":{"@id":"https:\/\/mtc-modellbau.de\/es\/#\/schema\/logo\/image\/"},"sameAs":["https:\/\/www.facebook.com\/MTCmodellbau\/"]},{"@type":"Person","@id":"https:\/\/mtc-modellbau.de\/es\/#\/schema\/person\/f3363c5d7ec45172be1e4df159d0e351","name":"admin","image":{"@type":"ImageObject","inLanguage":"es","@id":"https:\/\/secure.gravatar.com\/avatar\/ed2cec554e8d7ed7fb2936bb9ac776313b2d65426e2aefeca83611157b6f41d9?s=96&d=mm&r=g","url":"https:\/\/secure.gravatar.com\/avatar\/ed2cec554e8d7ed7fb2936bb9ac776313b2d65426e2aefeca83611157b6f41d9?s=96&d=mm&r=g","contentUrl":"https:\/\/secure.gravatar.com\/avatar\/ed2cec554e8d7ed7fb2936bb9ac776313b2d65426e2aefeca83611157b6f41d9?s=96&d=mm&r=g","caption":"admin"}}]}},"menu_order":0,"_links":{"self":[{"href":"https:\/\/mtc-modellbau.de\/es\/wp-json\/wp\/v2\/posts\/28763","targetHints":{"allow":["GET"]}}],"collection":[{"href":"https:\/\/mtc-modellbau.de\/es\/wp-json\/wp\/v2\/posts"}],"about":[{"href":"https:\/\/mtc-modellbau.de\/es\/wp-json\/wp\/v2\/types\/post"}],"author":[{"embeddable":true,"href":"https:\/\/mtc-modellbau.de\/es\/wp-json\/wp\/v2\/users\/3"}],"replies":[{"embeddable":true,"href":"https:\/\/mtc-modellbau.de\/es\/wp-json\/wp\/v2\/comments?post=28763"}],"version-history":[{"count":0,"href":"https:\/\/mtc-modellbau.de\/es\/wp-json\/wp\/v2\/posts\/28763\/revisions"}],"wp:featuredmedia":[{"embeddable":true,"href":"https:\/\/mtc-modellbau.de\/es\/wp-json\/wp\/v2\/media\/28628"}],"wp:attachment":[{"href":"https:\/\/mtc-modellbau.de\/es\/wp-json\/wp\/v2\/media?parent=28763"}],"wp:term":[{"taxonomy":"category","embeddable":true,"href":"https:\/\/mtc-modellbau.de\/es\/wp-json\/wp\/v2\/categories?post=28763"},{"taxonomy":"post_tag","embeddable":true,"href":"https:\/\/mtc-modellbau.de\/es\/wp-json\/wp\/v2\/tags?post=28763"}],"curies":[{"name":"wp","href":"https:\/\/api.w.org\/{rel}","templated":true}]}}