{"id":28787,"date":"2023-10-26T11:55:03","date_gmt":"2023-10-26T09:55:03","guid":{"rendered":"https:\/\/mtc-modellbau.de\/ifat-2024-messe-prototypen\/"},"modified":"2025-11-07T05:00:32","modified_gmt":"2025-11-07T04:00:32","slug":"ifat-2024-feria-prototipos","status":"publish","type":"post","link":"https:\/\/mtc-modellbau.de\/es\/ifat-2024-feria-prototipos\/","title":{"rendered":"IFAT 2024: \u00a1Prototipos para la industria!"},"content":{"rendered":"<div class=\"wpb-content-wrapper\" id=\"wpb-content-root\"><p>[vc_row][vc_column][vc_custom_heading text=\u00bbIFAT 2024 M\u00fanich: Prototipos con automatizaciones\u00bb font_container=\u00bbtag:h2|text_align:center\u00bb use_theme_fonts=\u00bbyes\u00bb css=\u00bb\u00bb][\/vc_column][\/vc_row][vc_row][vc_column][vc_column_text css=\u00bb\u00bb]La <strong class=\"ql-hashtag\" data-test-ql-hashtag=\"true\">IFAT<\/strong>, la feria l\u00edder mundial en <strong class=\"ql-hashtag\" data-test-ql-hashtag=\"true\">tecnolog\u00edas medioambientales<\/strong> y <strong class=\"ql-hashtag\" data-test-ql-hashtag=\"true\">sostenibilidad<\/strong>, es un punto de encuentro clave para las <strong class=\"ql-hashtag\" data-test-ql-hashtag=\"true\">ideas<\/strong> y <strong class=\"ql-hashtag\" data-test-ql-hashtag=\"true\">tecnolog\u00edas<\/strong> m\u00e1s innovadoras. En la preparaci\u00f3n para la IFAT 2024, MTC Modellbau\u00ae vuelve a llamar la atenci\u00f3n. La empresa, especializada en la fabricaci\u00f3n de prototipos de alta calidad, presentar\u00e1 sus impresionantes capacidades e innovaciones en esta <strong class=\"ql-hashtag\" data-test-ql-hashtag=\"true\">feria<\/strong>.<\/p>\n<p>MTC Modellbau\u00ae se ha ganado una excelente reputaci\u00f3n en el sector gracias a su capacidad para producir prototipos destinados a una amplia gama de aplicaciones. Desde la industria automotriz hasta la gesti\u00f3n de residuos, MTC Modellbau\u00ae tiene la habilidad de desarrollar prototipos para casi cualquier sector. La IFAT ha sido durante a\u00f1os el escenario ideal para mostrar el talento de esta empresa.<\/p>\n<p><strong>IFAT 2024: Una mirada hacia el futuro<\/strong><\/p>\n<p>La IFAT 2024 ser\u00e1, sin duda, un escaparate de tecnolog\u00edas y soluciones visionarias. MTC Modellbau\u00ae tiene como objetivo representar este esp\u00edritu de <strong class=\"ql-hashtag\" data-test-ql-hashtag=\"true\">innovaci\u00f3n<\/strong>. La empresa planea exhibir una amplia variedad de prototipos que demuestran los \u00faltimos <strong class=\"ql-hashtag\" data-test-ql-hashtag=\"true\">avances<\/strong> en protecci\u00f3n ambiental y sostenibilidad.<\/p>\n<p>MTC Modellbau\u00ae presentar\u00e1 en la IFAT 2024 diversos prototipos, entre ellos:<\/p>\n<p><strong>Plantas de reciclaje eficientes:<\/strong> MTC Modellbau\u00ae ha desarrollado prototipos de plantas de reciclaje de \u00faltima generaci\u00f3n que optimizan la recuperaci\u00f3n de materiales valiosos. <strong>Tratamiento de aguas residuales:<\/strong> La empresa ha dise\u00f1ado soluciones innovadoras que reducen el impacto ambiental y mejoran la calidad del agua. <strong>Energ\u00edas renovables:<\/strong> Tambi\u00e9n se expondr\u00e1n prototipos de instalaciones para la generaci\u00f3n de energ\u00eda renovable.<\/p>\n<p><strong>MTC Modellbau\u00ae en la IFAT 2024:<\/strong> una oportunidad que no debe perderse.<br \/>\n[\/vc_column_text][\/vc_column][\/vc_row]<\/p>\n<\/div>","protected":false},"excerpt":{"rendered":"<p>[vc_row][vc_column][vc_custom_heading text=\u00bbIFAT 2024 M\u00fanich: Prototipos con automatizaciones\u00bb font_container=\u00bbtag:h2|text_align:center\u00bb use_theme_fonts=\u00bbyes\u00bb css=\u00bb\u00bb][\/vc_column][\/vc_row][vc_row][vc_column][vc_column_text css=\u00bb\u00bb]La IFAT, la feria l\u00edder mundial en tecnolog\u00edas medioambientales y&#8230;<\/p>\n","protected":false},"author":3,"featured_media":28788,"comment_status":"closed","ping_status":"closed","sticky":false,"template":"","format":"standard","meta":{"ngg_post_thumbnail":0,"footnotes":""},"categories":[1738],"tags":[2698,2696,2257,2697,2650,2649,2302,2699],"class_list":["post-28787","post","type-post","status-publish","format-standard","has-post-thumbnail","category-blog-es","tag-construccion-de-prototipos","tag-feria","tag-ifat","tag-maqueta","tag-modelismo","tag-modelo","tag-stand","tag-tecnologia-medioambiental"],"yoast_head":"<!-- This site is optimized with the Yoast SEO Premium plugin v25.6 (Yoast SEO v28.4) - https:\/\/yoast.com\/product\/yoast-seo-premium-wordpress\/ -->\n<title>\u00a1Encargue prototipos para la feria IFAT! Modelos para exposiciones<\/title>\n<meta name=\"description\" content=\"Para la IFAT 2024 en M\u00fanich realizamos varios prototipos. Si usted tambi\u00e9n tiene alguna necesidad, estaremos encantados de recibir su solicitud.\" \/>\n<meta name=\"robots\" content=\"index, follow, max-snippet:-1, max-image-preview:large, max-video-preview:-1\" \/>\n<link rel=\"canonical\" href=\"https:\/\/mtc-modellbau.de\/es\/ifat-2024-feria-prototipos\/\" \/>\n<meta property=\"og:locale\" content=\"es_ES\" \/>\n<meta property=\"og:type\" content=\"article\" \/>\n<meta property=\"og:title\" content=\"IFAT 2024: \u00a1Prototipos para la industria!\" \/>\n<meta property=\"og:description\" content=\"Para la IFAT 2024 en M\u00fanich realizamos varios prototipos. Si usted tambi\u00e9n tiene alguna necesidad, estaremos encantados de recibir su solicitud.\" \/>\n<meta property=\"og:url\" content=\"https:\/\/mtc-modellbau.de\/es\/ifat-2024-feria-prototipos\/\" \/>\n<meta property=\"og:site_name\" content=\"MTC Modellbau\u00ae\" \/>\n<meta property=\"article:publisher\" content=\"https:\/\/www.facebook.com\/MTCmodellbau\/\" \/>\n<meta property=\"article:published_time\" content=\"2023-10-26T09:55:03+00:00\" \/>\n<meta property=\"article:modified_time\" content=\"2025-11-07T04:00:32+00:00\" \/>\n<meta property=\"og:image\" content=\"https:\/\/mtc-modellbau.de\/wp-content\/uploads\/2023\/10\/1.jpg\" \/>\n\t<meta property=\"og:image:width\" content=\"740\" \/>\n\t<meta property=\"og:image:height\" content=\"450\" \/>\n\t<meta property=\"og:image:type\" content=\"image\/jpeg\" \/>\n<meta name=\"author\" content=\"admin\" \/>\n<meta name=\"twitter:card\" content=\"summary_large_image\" \/>\n<meta name=\"twitter:label1\" content=\"Escrito por\" \/>\n\t<meta name=\"twitter:data1\" content=\"admin\" \/>\n\t<meta name=\"twitter:label2\" content=\"Tiempo de lectura\" \/>\n\t<meta name=\"twitter:data2\" content=\"2 minutos\" \/>\n<script type=\"application\/ld+json\" class=\"yoast-schema-graph\">{\"@context\":\"https:\\\/\\\/schema.org\",\"@graph\":[{\"@type\":\"Article\",\"@id\":\"https:\\\/\\\/mtc-modellbau.de\\\/es\\\/ifat-2024-feria-prototipos\\\/#article\",\"isPartOf\":{\"@id\":\"https:\\\/\\\/mtc-modellbau.de\\\/es\\\/ifat-2024-feria-prototipos\\\/\"},\"author\":{\"name\":\"admin\",\"@id\":\"https:\\\/\\\/mtc-modellbau.de\\\/es\\\/#\\\/schema\\\/person\\\/f3363c5d7ec45172be1e4df159d0e351\"},\"headline\":\"IFAT 2024: \u00a1Prototipos para la industria!\",\"datePublished\":\"2023-10-26T09:55:03+00:00\",\"dateModified\":\"2025-11-07T04:00:32+00:00\",\"mainEntityOfPage\":{\"@id\":\"https:\\\/\\\/mtc-modellbau.de\\\/es\\\/ifat-2024-feria-prototipos\\\/\"},\"wordCount\":317,\"publisher\":{\"@id\":\"https:\\\/\\\/mtc-modellbau.de\\\/es\\\/#organization\"},\"image\":{\"@id\":\"https:\\\/\\\/mtc-modellbau.de\\\/es\\\/ifat-2024-feria-prototipos\\\/#primaryimage\"},\"thumbnailUrl\":\"https:\\\/\\\/mtc-modellbau.de\\\/wp-content\\\/uploads\\\/2023\\\/10\\\/1.jpg\",\"keywords\":[\"construcci\u00f3n de prototipos\",\"feria\",\"ifat\",\"maqueta\",\"modelismo\",\"modelo\",\"stand\",\"tecnolog\u00eda medioambiental\"],\"articleSection\":[\"Blog\"],\"inLanguage\":\"es\"},{\"@type\":\"WebPage\",\"@id\":\"https:\\\/\\\/mtc-modellbau.de\\\/es\\\/ifat-2024-feria-prototipos\\\/\",\"url\":\"https:\\\/\\\/mtc-modellbau.de\\\/es\\\/ifat-2024-feria-prototipos\\\/\",\"name\":\"\u00a1Encargue prototipos para la feria IFAT! Modelos para exposiciones\",\"isPartOf\":{\"@id\":\"https:\\\/\\\/mtc-modellbau.de\\\/es\\\/#website\"},\"primaryImageOfPage\":{\"@id\":\"https:\\\/\\\/mtc-modellbau.de\\\/es\\\/ifat-2024-feria-prototipos\\\/#primaryimage\"},\"image\":{\"@id\":\"https:\\\/\\\/mtc-modellbau.de\\\/es\\\/ifat-2024-feria-prototipos\\\/#primaryimage\"},\"thumbnailUrl\":\"https:\\\/\\\/mtc-modellbau.de\\\/wp-content\\\/uploads\\\/2023\\\/10\\\/1.jpg\",\"datePublished\":\"2023-10-26T09:55:03+00:00\",\"dateModified\":\"2025-11-07T04:00:32+00:00\",\"description\":\"Para la IFAT 2024 en M\u00fanich realizamos varios prototipos. Si usted tambi\u00e9n tiene alguna necesidad, estaremos encantados de recibir su solicitud.\",\"breadcrumb\":{\"@id\":\"https:\\\/\\\/mtc-modellbau.de\\\/es\\\/ifat-2024-feria-prototipos\\\/#breadcrumb\"},\"inLanguage\":\"es\",\"potentialAction\":[{\"@type\":\"ReadAction\",\"target\":[\"https:\\\/\\\/mtc-modellbau.de\\\/es\\\/ifat-2024-feria-prototipos\\\/\"]}]},{\"@type\":\"ImageObject\",\"inLanguage\":\"es\",\"@id\":\"https:\\\/\\\/mtc-modellbau.de\\\/es\\\/ifat-2024-feria-prototipos\\\/#primaryimage\",\"url\":\"https:\\\/\\\/mtc-modellbau.de\\\/wp-content\\\/uploads\\\/2023\\\/10\\\/1.jpg\",\"contentUrl\":\"https:\\\/\\\/mtc-modellbau.de\\\/wp-content\\\/uploads\\\/2023\\\/10\\\/1.jpg\",\"width\":740,\"height\":450},{\"@type\":\"BreadcrumbList\",\"@id\":\"https:\\\/\\\/mtc-modellbau.de\\\/es\\\/ifat-2024-feria-prototipos\\\/#breadcrumb\",\"itemListElement\":[{\"@type\":\"ListItem\",\"position\":1,\"name\":\"Startseite\",\"item\":\"https:\\\/\\\/mtc-modellbau.de\\\/es\\\/\"},{\"@type\":\"ListItem\",\"position\":2,\"name\":\"IFAT 2024: \u00a1Prototipos para la industria!\"}]},{\"@type\":\"WebSite\",\"@id\":\"https:\\\/\\\/mtc-modellbau.de\\\/es\\\/#website\",\"url\":\"https:\\\/\\\/mtc-modellbau.de\\\/es\\\/\",\"name\":\"MTC Modellbau\u00ae\",\"description\":\"Die wertigsten Modelle Deutschlands!\",\"publisher\":{\"@id\":\"https:\\\/\\\/mtc-modellbau.de\\\/es\\\/#organization\"},\"potentialAction\":[{\"@type\":\"SearchAction\",\"target\":{\"@type\":\"EntryPoint\",\"urlTemplate\":\"https:\\\/\\\/mtc-modellbau.de\\\/es\\\/?s={search_term_string}\"},\"query-input\":{\"@type\":\"PropertyValueSpecification\",\"valueRequired\":true,\"valueName\":\"search_term_string\"}}],\"inLanguage\":\"es\"},{\"@type\":\"Organization\",\"@id\":\"https:\\\/\\\/mtc-modellbau.de\\\/es\\\/#organization\",\"name\":\"Architekturmodellbau by MTC Modellbau\u00ae\",\"url\":\"https:\\\/\\\/mtc-modellbau.de\\\/es\\\/\",\"logo\":{\"@type\":\"ImageObject\",\"inLanguage\":\"es\",\"@id\":\"https:\\\/\\\/mtc-modellbau.de\\\/es\\\/#\\\/schema\\\/logo\\\/image\\\/\",\"url\":\"https:\\\/\\\/mtc-modellbau.de\\\/wp-content\\\/uploads\\\/2018\\\/07\\\/MTC-Modellbau-Logo-Black.png\",\"contentUrl\":\"https:\\\/\\\/mtc-modellbau.de\\\/wp-content\\\/uploads\\\/2018\\\/07\\\/MTC-Modellbau-Logo-Black.png\",\"width\":400,\"height\":200,\"caption\":\"Architekturmodellbau by MTC Modellbau\u00ae\"},\"image\":{\"@id\":\"https:\\\/\\\/mtc-modellbau.de\\\/es\\\/#\\\/schema\\\/logo\\\/image\\\/\"},\"sameAs\":[\"https:\\\/\\\/www.facebook.com\\\/MTCmodellbau\\\/\"]},{\"@type\":\"Person\",\"@id\":\"https:\\\/\\\/mtc-modellbau.de\\\/es\\\/#\\\/schema\\\/person\\\/f3363c5d7ec45172be1e4df159d0e351\",\"name\":\"admin\",\"image\":{\"@type\":\"ImageObject\",\"inLanguage\":\"es\",\"@id\":\"https:\\\/\\\/secure.gravatar.com\\\/avatar\\\/ed2cec554e8d7ed7fb2936bb9ac776313b2d65426e2aefeca83611157b6f41d9?s=96&d=mm&r=g\",\"url\":\"https:\\\/\\\/secure.gravatar.com\\\/avatar\\\/ed2cec554e8d7ed7fb2936bb9ac776313b2d65426e2aefeca83611157b6f41d9?s=96&d=mm&r=g\",\"contentUrl\":\"https:\\\/\\\/secure.gravatar.com\\\/avatar\\\/ed2cec554e8d7ed7fb2936bb9ac776313b2d65426e2aefeca83611157b6f41d9?s=96&d=mm&r=g\",\"caption\":\"admin\"}}]}<\/script>\n<!-- \/ Yoast SEO Premium plugin. -->","yoast_head_json":{"title":"\u00a1Encargue prototipos para la feria IFAT! Modelos para exposiciones","description":"Para la IFAT 2024 en M\u00fanich realizamos varios prototipos. Si usted tambi\u00e9n tiene alguna necesidad, estaremos encantados de recibir su solicitud.","robots":{"index":"index","follow":"follow","max-snippet":"max-snippet:-1","max-image-preview":"max-image-preview:large","max-video-preview":"max-video-preview:-1"},"canonical":"https:\/\/mtc-modellbau.de\/es\/ifat-2024-feria-prototipos\/","og_locale":"es_ES","og_type":"article","og_title":"IFAT 2024: \u00a1Prototipos para la industria!","og_description":"Para la IFAT 2024 en M\u00fanich realizamos varios prototipos. Si usted tambi\u00e9n tiene alguna necesidad, estaremos encantados de recibir su solicitud.","og_url":"https:\/\/mtc-modellbau.de\/es\/ifat-2024-feria-prototipos\/","og_site_name":"MTC Modellbau\u00ae","article_publisher":"https:\/\/www.facebook.com\/MTCmodellbau\/","article_published_time":"2023-10-26T09:55:03+00:00","article_modified_time":"2025-11-07T04:00:32+00:00","og_image":[{"width":740,"height":450,"url":"https:\/\/mtc-modellbau.de\/wp-content\/uploads\/2023\/10\/1.jpg","type":"image\/jpeg"}],"author":"admin","twitter_card":"summary_large_image","twitter_misc":{"Escrito por":"admin","Tiempo de lectura":"2 minutos"},"schema":{"@context":"https:\/\/schema.org","@graph":[{"@type":"Article","@id":"https:\/\/mtc-modellbau.de\/es\/ifat-2024-feria-prototipos\/#article","isPartOf":{"@id":"https:\/\/mtc-modellbau.de\/es\/ifat-2024-feria-prototipos\/"},"author":{"name":"admin","@id":"https:\/\/mtc-modellbau.de\/es\/#\/schema\/person\/f3363c5d7ec45172be1e4df159d0e351"},"headline":"IFAT 2024: \u00a1Prototipos para la industria!","datePublished":"2023-10-26T09:55:03+00:00","dateModified":"2025-11-07T04:00:32+00:00","mainEntityOfPage":{"@id":"https:\/\/mtc-modellbau.de\/es\/ifat-2024-feria-prototipos\/"},"wordCount":317,"publisher":{"@id":"https:\/\/mtc-modellbau.de\/es\/#organization"},"image":{"@id":"https:\/\/mtc-modellbau.de\/es\/ifat-2024-feria-prototipos\/#primaryimage"},"thumbnailUrl":"https:\/\/mtc-modellbau.de\/wp-content\/uploads\/2023\/10\/1.jpg","keywords":["construcci\u00f3n de prototipos","feria","ifat","maqueta","modelismo","modelo","stand","tecnolog\u00eda medioambiental"],"articleSection":["Blog"],"inLanguage":"es"},{"@type":"WebPage","@id":"https:\/\/mtc-modellbau.de\/es\/ifat-2024-feria-prototipos\/","url":"https:\/\/mtc-modellbau.de\/es\/ifat-2024-feria-prototipos\/","name":"\u00a1Encargue prototipos para la feria IFAT! Modelos para exposiciones","isPartOf":{"@id":"https:\/\/mtc-modellbau.de\/es\/#website"},"primaryImageOfPage":{"@id":"https:\/\/mtc-modellbau.de\/es\/ifat-2024-feria-prototipos\/#primaryimage"},"image":{"@id":"https:\/\/mtc-modellbau.de\/es\/ifat-2024-feria-prototipos\/#primaryimage"},"thumbnailUrl":"https:\/\/mtc-modellbau.de\/wp-content\/uploads\/2023\/10\/1.jpg","datePublished":"2023-10-26T09:55:03+00:00","dateModified":"2025-11-07T04:00:32+00:00","description":"Para la IFAT 2024 en M\u00fanich realizamos varios prototipos. Si usted tambi\u00e9n tiene alguna necesidad, estaremos encantados de recibir su solicitud.","breadcrumb":{"@id":"https:\/\/mtc-modellbau.de\/es\/ifat-2024-feria-prototipos\/#breadcrumb"},"inLanguage":"es","potentialAction":[{"@type":"ReadAction","target":["https:\/\/mtc-modellbau.de\/es\/ifat-2024-feria-prototipos\/"]}]},{"@type":"ImageObject","inLanguage":"es","@id":"https:\/\/mtc-modellbau.de\/es\/ifat-2024-feria-prototipos\/#primaryimage","url":"https:\/\/mtc-modellbau.de\/wp-content\/uploads\/2023\/10\/1.jpg","contentUrl":"https:\/\/mtc-modellbau.de\/wp-content\/uploads\/2023\/10\/1.jpg","width":740,"height":450},{"@type":"BreadcrumbList","@id":"https:\/\/mtc-modellbau.de\/es\/ifat-2024-feria-prototipos\/#breadcrumb","itemListElement":[{"@type":"ListItem","position":1,"name":"Startseite","item":"https:\/\/mtc-modellbau.de\/es\/"},{"@type":"ListItem","position":2,"name":"IFAT 2024: \u00a1Prototipos para la industria!"}]},{"@type":"WebSite","@id":"https:\/\/mtc-modellbau.de\/es\/#website","url":"https:\/\/mtc-modellbau.de\/es\/","name":"MTC Modellbau\u00ae","description":"Die wertigsten Modelle Deutschlands!","publisher":{"@id":"https:\/\/mtc-modellbau.de\/es\/#organization"},"potentialAction":[{"@type":"SearchAction","target":{"@type":"EntryPoint","urlTemplate":"https:\/\/mtc-modellbau.de\/es\/?s={search_term_string}"},"query-input":{"@type":"PropertyValueSpecification","valueRequired":true,"valueName":"search_term_string"}}],"inLanguage":"es"},{"@type":"Organization","@id":"https:\/\/mtc-modellbau.de\/es\/#organization","name":"Architekturmodellbau by MTC Modellbau\u00ae","url":"https:\/\/mtc-modellbau.de\/es\/","logo":{"@type":"ImageObject","inLanguage":"es","@id":"https:\/\/mtc-modellbau.de\/es\/#\/schema\/logo\/image\/","url":"https:\/\/mtc-modellbau.de\/wp-content\/uploads\/2018\/07\/MTC-Modellbau-Logo-Black.png","contentUrl":"https:\/\/mtc-modellbau.de\/wp-content\/uploads\/2018\/07\/MTC-Modellbau-Logo-Black.png","width":400,"height":200,"caption":"Architekturmodellbau by MTC Modellbau\u00ae"},"image":{"@id":"https:\/\/mtc-modellbau.de\/es\/#\/schema\/logo\/image\/"},"sameAs":["https:\/\/www.facebook.com\/MTCmodellbau\/"]},{"@type":"Person","@id":"https:\/\/mtc-modellbau.de\/es\/#\/schema\/person\/f3363c5d7ec45172be1e4df159d0e351","name":"admin","image":{"@type":"ImageObject","inLanguage":"es","@id":"https:\/\/secure.gravatar.com\/avatar\/ed2cec554e8d7ed7fb2936bb9ac776313b2d65426e2aefeca83611157b6f41d9?s=96&d=mm&r=g","url":"https:\/\/secure.gravatar.com\/avatar\/ed2cec554e8d7ed7fb2936bb9ac776313b2d65426e2aefeca83611157b6f41d9?s=96&d=mm&r=g","contentUrl":"https:\/\/secure.gravatar.com\/avatar\/ed2cec554e8d7ed7fb2936bb9ac776313b2d65426e2aefeca83611157b6f41d9?s=96&d=mm&r=g","caption":"admin"}}]}},"menu_order":0,"_links":{"self":[{"href":"https:\/\/mtc-modellbau.de\/es\/wp-json\/wp\/v2\/posts\/28787","targetHints":{"allow":["GET"]}}],"collection":[{"href":"https:\/\/mtc-modellbau.de\/es\/wp-json\/wp\/v2\/posts"}],"about":[{"href":"https:\/\/mtc-modellbau.de\/es\/wp-json\/wp\/v2\/types\/post"}],"author":[{"embeddable":true,"href":"https:\/\/mtc-modellbau.de\/es\/wp-json\/wp\/v2\/users\/3"}],"replies":[{"embeddable":true,"href":"https:\/\/mtc-modellbau.de\/es\/wp-json\/wp\/v2\/comments?post=28787"}],"version-history":[{"count":0,"href":"https:\/\/mtc-modellbau.de\/es\/wp-json\/wp\/v2\/posts\/28787\/revisions"}],"wp:featuredmedia":[{"embeddable":true,"href":"https:\/\/mtc-modellbau.de\/es\/wp-json\/wp\/v2\/media\/28788"}],"wp:attachment":[{"href":"https:\/\/mtc-modellbau.de\/es\/wp-json\/wp\/v2\/media?parent=28787"}],"wp:term":[{"taxonomy":"category","embeddable":true,"href":"https:\/\/mtc-modellbau.de\/es\/wp-json\/wp\/v2\/categories?post=28787"},{"taxonomy":"post_tag","embeddable":true,"href":"https:\/\/mtc-modellbau.de\/es\/wp-json\/wp\/v2\/tags?post=28787"}],"curies":[{"name":"wp","href":"https:\/\/api.w.org\/{rel}","templated":true}]}}