{"id":30831,"date":"2026-03-02T07:34:15","date_gmt":"2026-03-02T06:34:15","guid":{"rendered":"https:\/\/mtc-modellbau.de\/medizintechnik-messemodell-erbe-elektromedizin\/"},"modified":"2026-03-02T08:17:22","modified_gmt":"2026-03-02T07:17:22","slug":"modelo-exposicion-medica-erbe","status":"publish","type":"post","link":"https:\/\/mtc-modellbau.de\/es\/modelo-exposicion-medica-erbe\/","title":{"rendered":"Modelo de exposici\u00f3n para tecnolog\u00eda m\u00e9dica \u2013 Instrumento a escala 7:1"},"content":{"rendered":"<div class=\"wpb-content-wrapper\" id=\"wpb-content-root\"><p>[vc_row][vc_column][vc_custom_heading text=\u00bbModelo de exposici\u00f3n m\u00e9dica \u2013 Modelo de instrumento a escala 7:1 para Erbe\u00bb font_container=\u00bbtag:h2|text_align:center|color:%23111111&#8243; use_theme_fonts=\u00bbyes\u00bb css=\u00bb\u00bb][\/vc_column][\/vc_row][vc_row][vc_column][vc_column_text css=\u00bb\u00bb]<\/p>\n<p data-start=\"867\" data-end=\"1110\">Para nuestro cliente&nbsp;<b>Erbe Elektromedizin GmbH<\/b>, el equipo de <strong>MTC Modellbau\u00ae<\/strong>&nbsp;tuvo la oportunidad de desarrollar un <strong data-start=\"1024\" data-end=\"1064\">modelo de exposici\u00f3n de alta calidad<\/strong> destinado a ferias y eventos internacionales.<\/p>\n<p data-start=\"1112\" data-end=\"1331\">El proyecto consisti\u00f3 en la creaci\u00f3n de un <strong data-start=\"1155\" data-end=\"1220\">modelo de instrumento m\u00e9dico altamente detallado a escala 7:1<\/strong>, dise\u00f1ado especialmente para su uso en <strong data-start=\"1260\" data-end=\"1330\">ferias internacionales, exposiciones y presentaciones corporativas<\/strong>.<\/p>\n<p data-start=\"1333\" data-end=\"1531\">El objetivo era mostrar el instrumento m\u00e9dico en un <strong data-start=\"1385\" data-end=\"1430\">formato ampliado y visualmente impactante<\/strong>, permitiendo a los visitantes comprender mejor el dise\u00f1o, la precisi\u00f3n y la tecnolog\u00eda del producto.<\/p>\n<hr data-start=\"1533\" data-end=\"1536\">\n<h2 data-start=\"1538\" data-end=\"1576\">Fabricaci\u00f3n detallada a gran escala<\/h2>\n<p data-start=\"1578\" data-end=\"1713\">El modelo se desarroll\u00f3 a partir de <strong data-start=\"1614\" data-end=\"1673\">instrumentos originales y visualizaciones de referencia<\/strong>, garantizando una reproducci\u00f3n precisa.<\/p>\n<p data-start=\"1715\" data-end=\"1758\">Los aspectos clave del proyecto incluyeron:<\/p>\n<ul data-start=\"1760\" data-end=\"1984\">\n<li data-start=\"1760\" data-end=\"1815\">\n<p data-start=\"1762\" data-end=\"1815\">reproducci\u00f3n exacta de la geometr\u00eda del instrumento<\/p>\n<\/li>\n<li data-start=\"1816\" data-end=\"1858\">\n<p data-start=\"1818\" data-end=\"1858\">acabados de superficie de alta calidad<\/p>\n<\/li>\n<li data-start=\"1859\" data-end=\"1921\">\n<p data-start=\"1861\" data-end=\"1921\">implementaci\u00f3n de los <strong data-start=\"1883\" data-end=\"1919\">colores corporativos de la marca<\/strong><\/p>\n<\/li>\n<li data-start=\"1922\" data-end=\"1984\">\n<p data-start=\"1924\" data-end=\"1984\">construcci\u00f3n robusta para uso repetido en ferias y eventos<\/p>\n<\/li>\n<\/ul>\n<p data-start=\"1986\" data-end=\"2190\">Gracias a la ampliaci\u00f3n a <strong data-start=\"2012\" data-end=\"2026\">escala 7:1<\/strong>, los detalles t\u00e9cnicos del instrumento se vuelven claramente visibles, permitiendo a los visitantes observar el producto desde una perspectiva completamente nueva.<\/p>\n<hr data-start=\"2192\" data-end=\"2195\">\n<h2 data-start=\"2197\" data-end=\"2236\">Dise\u00f1ado para ferias internacionales<\/h2>\n<p data-start=\"2238\" data-end=\"2368\">Los modelos a gran escala desempe\u00f1an un papel importante en la <strong data-start=\"2301\" data-end=\"2367\">presentaci\u00f3n de productos en el sector de la tecnolog\u00eda m\u00e9dica<\/strong>.<\/p>\n<p data-start=\"2370\" data-end=\"2534\">Permiten a las empresas presentar tecnolog\u00edas complejas de forma <strong data-start=\"2435\" data-end=\"2464\">visual, clara y atractiva<\/strong>, especialmente en entornos din\u00e1micos como las ferias internacionales.<\/p>\n<p data-start=\"2536\" data-end=\"2582\">Este modelo fue dise\u00f1ado espec\u00edficamente para:<\/p>\n<ul data-start=\"2584\" data-end=\"2704\">\n<li data-start=\"2584\" data-end=\"2631\">\n<p data-start=\"2586\" data-end=\"2631\">ferias internacionales de tecnolog\u00eda m\u00e9dica<\/p>\n<\/li>\n<li data-start=\"2632\" data-end=\"2663\">\n<p data-start=\"2634\" data-end=\"2663\">presentaciones corporativas<\/p>\n<\/li>\n<li data-start=\"2664\" data-end=\"2677\">\n<p data-start=\"2666\" data-end=\"2677\">showrooms<\/p>\n<\/li>\n<li data-start=\"2678\" data-end=\"2704\">\n<p data-start=\"2680\" data-end=\"2704\">exposiciones y eventos<\/p>\n<\/li>\n<\/ul>\n<hr data-start=\"2706\" data-end=\"2709\">\n<h2 data-start=\"2711\" data-end=\"2754\">Transporte seguro con caja personalizada<\/h2>\n<p data-start=\"2756\" data-end=\"2898\">Para garantizar un transporte seguro entre diferentes eventos, el modelo se entreg\u00f3 con una <strong data-start=\"2848\" data-end=\"2897\">caja de transporte premium fabricada a medida<\/strong>.<\/p>\n<p data-start=\"2900\" data-end=\"2940\">Esta soluci\u00f3n protege el modelo durante:<\/p>\n<ul data-start=\"2942\" data-end=\"3038\">\n<li data-start=\"2942\" data-end=\"2970\">\n<p data-start=\"2944\" data-end=\"2970\">transporte internacional<\/p>\n<\/li>\n<li data-start=\"2971\" data-end=\"3005\">\n<p data-start=\"2973\" data-end=\"3005\">montaje y desmontaje en ferias<\/p>\n<\/li>\n<li data-start=\"3006\" data-end=\"3038\">\n<p data-start=\"3008\" data-end=\"3038\">almacenamiento entre eventos<\/p>\n<\/li>\n<\/ul>\n<p data-start=\"3040\" data-end=\"3179\">En el caso de <strong data-start=\"3054\" data-end=\"3095\">modelos de exposici\u00f3n de alta calidad<\/strong>, una soluci\u00f3n profesional de transporte es esencial para garantizar su durabilidad.<\/p>\n<hr data-start=\"3181\" data-end=\"3184\">\n<h2 data-start=\"3186\" data-end=\"3217\">Colaboraci\u00f3n con Paul Events<\/h2>\n<p data-start=\"3219\" data-end=\"3358\">Agradecemos a nuestro socio del proyecto Paul Events GmbH&nbsp;por la confianza depositada y la excelente colaboraci\u00f3n.<\/p>\n<p data-start=\"3360\" data-end=\"3483\">Juntos logramos crear una pieza de exposici\u00f3n que destaca <strong data-start=\"3418\" data-end=\"3482\">la innovaci\u00f3n y la precisi\u00f3n de la tecnolog\u00eda m\u00e9dica moderna<\/strong>.<\/p>\n<p data-start=\"3485\" data-end=\"3570\">M\u00e1s informaci\u00f3n sobre el proyecto:<br data-start=\"3519\" data-end=\"3522\"><a class=\"decorated-link\" href=\"https:\/\/en.erbegroup.com\/en-en\/highlights\/fiapc\/\" target=\"_new\" rel=\"noopener\" data-start=\"3522\" data-end=\"3570\">https:\/\/en.erbegroup.com\/en-en\/highlights\/fiapc\/<\/a><\/p>\n<hr data-start=\"3572\" data-end=\"3575\">\n<h2 data-start=\"3577\" data-end=\"3619\">Modelos premium para industria y ferias<\/h2>\n<p data-start=\"3621\" data-end=\"3715\"><strong> MTC Modellbau\u00ae<\/strong> est\u00e1 especializado en el dise\u00f1o y la fabricaci\u00f3n de:<\/p>\n<ul data-start=\"3717\" data-end=\"3878\">\n<li data-start=\"3717\" data-end=\"3742\">\n<p data-start=\"3719\" data-end=\"3742\">maquetas industriales<\/p>\n<\/li>\n<li data-start=\"3743\" data-end=\"3771\">\n<p data-start=\"3745\" data-end=\"3771\">maquetas arquitect\u00f3nicas<\/p>\n<\/li>\n<li data-start=\"3772\" data-end=\"3810\">\n<p data-start=\"3774\" data-end=\"3810\">modelos para ferias y exposiciones<\/p>\n<\/li>\n<li data-start=\"3811\" data-end=\"3834\">\n<p data-start=\"3813\" data-end=\"3834\">modelos funcionales<\/p>\n<\/li>\n<li data-start=\"3835\" data-end=\"3878\">\n<p data-start=\"3837\" data-end=\"3878\">modelos t\u00e9cnicos para empresas y museos<\/p>\n<\/li>\n<\/ul>\n<p data-start=\"3880\" data-end=\"4026\">Nuestros modelos se utilizan en todo el mundo para <strong data-start=\"3931\" data-end=\"4025\">ferias internacionales, showrooms, presentaciones a inversores y exposiciones corporativas<\/strong>.<\/p>\n<p data-start=\"4028\" data-end=\"4149\">Si est\u00e1 planeando un <strong data-start=\"4049\" data-end=\"4103\">modelo personalizado para su producto o tecnolog\u00eda<\/strong>, nuestro equipo estar\u00e1 encantado de ayudarle.<\/p>\n<p>[\/vc_column_text][\/vc_column][\/vc_row][vc_row][vc_column][vc_custom_heading text=\u00bbImpresiones:\u00bb use_theme_fonts=\u00bbyes\u00bb css=\u00bb\u00bb][vc_column_text css=\u00bb\u00bb]<\/p>\n<p>ngg_shortcode_0_placeholder[\/vc_column_text][\/vc_column][\/vc_row]<\/p>\n<\/div>","protected":false},"excerpt":{"rendered":"<p>[vc_row][vc_column][vc_custom_heading text=\u00bbModelo de exposici\u00f3n m\u00e9dica \u2013 Modelo de instrumento a escala 7:1 para Erbe\u00bb font_container=\u00bbtag:h2|text_align:center|color:%23111111&#8243; use_theme_fonts=\u00bbyes\u00bb css=\u00bb\u00bb][\/vc_column][\/vc_row][vc_row][vc_column][vc_column_text css=\u00bb\u00bb] Para nuestro&#8230;<\/p>\n","protected":false},"author":3,"featured_media":30822,"comment_status":"closed","ping_status":"closed","sticky":false,"template":"","format":"standard","meta":{"ngg_post_thumbnail":0,"footnotes":""},"categories":[1738],"tags":[4642,4640,4645,4644,4646,4641,4639,4643],"class_list":["post-30831","post","type-post","status-publish","format-standard","has-post-thumbnail","category-blog-es","tag-fabricacion-de-maquetas-industriales","tag-maqueta-dispositivo-medico","tag-maqueta-gran-escala","tag-maqueta-instrumento-medico","tag-maqueta-para-exposiciones","tag-maqueta-para-feria-industrial","tag-maquetas-medicas","tag-modelo-de-exposicion-medica"],"yoast_head":"<!-- This site is optimized with the Yoast SEO Premium plugin v25.6 (Yoast SEO v28.4) - https:\/\/yoast.com\/product\/yoast-seo-premium-wordpress\/ -->\n<title>Modelo de exposici\u00f3n m\u00e9dica \u2013 Modelo de instrumento<\/title>\n<meta name=\"description\" content=\"MTC Modellbau\u00ae realiz\u00f3 un modelo de exposici\u00f3n m\u00e9dica a escala 7:1 para Erbe Elektromedizin. Modelos premium para ferias.\" \/>\n<meta name=\"robots\" content=\"index, follow, max-snippet:-1, max-image-preview:large, max-video-preview:-1\" \/>\n<link rel=\"canonical\" href=\"https:\/\/mtc-modellbau.de\/es\/modelo-exposicion-medica-erbe\/\" \/>\n<meta property=\"og:locale\" content=\"es_ES\" \/>\n<meta property=\"og:type\" content=\"article\" \/>\n<meta property=\"og:title\" content=\"Modelo de exposici\u00f3n para tecnolog\u00eda m\u00e9dica \u2013 Instrumento a escala 7:1\" \/>\n<meta property=\"og:description\" content=\"MTC Modellbau\u00ae realiz\u00f3 un modelo de exposici\u00f3n m\u00e9dica a escala 7:1 para Erbe Elektromedizin. Modelos premium para ferias.\" \/>\n<meta property=\"og:url\" content=\"https:\/\/mtc-modellbau.de\/es\/modelo-exposicion-medica-erbe\/\" \/>\n<meta property=\"og:site_name\" content=\"MTC Modellbau\u00ae\" \/>\n<meta property=\"article:publisher\" content=\"https:\/\/www.facebook.com\/MTCmodellbau\/\" \/>\n<meta property=\"article:published_time\" content=\"2026-03-02T06:34:15+00:00\" \/>\n<meta property=\"article:modified_time\" content=\"2026-03-02T07:17:22+00:00\" \/>\n<meta property=\"og:image\" content=\"https:\/\/mtc-modellbau.de\/wp-content\/uploads\/2026\/03\/Erbe-Messe-Modell.jpeg\" \/>\n\t<meta property=\"og:image:width\" content=\"960\" \/>\n\t<meta property=\"og:image:height\" content=\"1280\" \/>\n\t<meta property=\"og:image:type\" content=\"image\/jpeg\" \/>\n<meta name=\"author\" content=\"admin\" \/>\n<meta name=\"twitter:card\" content=\"summary_large_image\" \/>\n<meta name=\"twitter:label1\" content=\"Escrito por\" \/>\n\t<meta name=\"twitter:data1\" content=\"admin\" \/>\n\t<meta name=\"twitter:label2\" content=\"Tiempo de lectura\" \/>\n\t<meta name=\"twitter:data2\" content=\"3 minutos\" \/>\n<script type=\"application\/ld+json\" class=\"yoast-schema-graph\">{\"@context\":\"https:\\\/\\\/schema.org\",\"@graph\":[{\"@type\":\"Article\",\"@id\":\"https:\\\/\\\/mtc-modellbau.de\\\/es\\\/modelo-exposicion-medica-erbe\\\/#article\",\"isPartOf\":{\"@id\":\"https:\\\/\\\/mtc-modellbau.de\\\/es\\\/modelo-exposicion-medica-erbe\\\/\"},\"author\":{\"name\":\"admin\",\"@id\":\"https:\\\/\\\/mtc-modellbau.de\\\/es\\\/#\\\/schema\\\/person\\\/f3363c5d7ec45172be1e4df159d0e351\"},\"headline\":\"Modelo de exposici\u00f3n para tecnolog\u00eda m\u00e9dica \u2013 Instrumento a escala 7:1\",\"datePublished\":\"2026-03-02T06:34:15+00:00\",\"dateModified\":\"2026-03-02T07:17:22+00:00\",\"mainEntityOfPage\":{\"@id\":\"https:\\\/\\\/mtc-modellbau.de\\\/es\\\/modelo-exposicion-medica-erbe\\\/\"},\"wordCount\":564,\"publisher\":{\"@id\":\"https:\\\/\\\/mtc-modellbau.de\\\/es\\\/#organization\"},\"image\":{\"@id\":\"https:\\\/\\\/mtc-modellbau.de\\\/es\\\/modelo-exposicion-medica-erbe\\\/#primaryimage\"},\"thumbnailUrl\":\"https:\\\/\\\/mtc-modellbau.de\\\/wp-content\\\/uploads\\\/2026\\\/03\\\/Erbe-Messe-Modell.jpeg\",\"keywords\":[\"fabricaci\u00f3n de maquetas industriales\",\"maqueta dispositivo m\u00e9dico\",\"maqueta gran escala\",\"maqueta instrumento m\u00e9dico\",\"maqueta para exposiciones\",\"maqueta para feria industrial\",\"maquetas m\u00e9dicas\",\"modelo de exposici\u00f3n m\u00e9dica\"],\"articleSection\":[\"Blog\"],\"inLanguage\":\"es\"},{\"@type\":\"WebPage\",\"@id\":\"https:\\\/\\\/mtc-modellbau.de\\\/es\\\/modelo-exposicion-medica-erbe\\\/\",\"url\":\"https:\\\/\\\/mtc-modellbau.de\\\/es\\\/modelo-exposicion-medica-erbe\\\/\",\"name\":\"Modelo de exposici\u00f3n m\u00e9dica \u2013 Modelo de instrumento\",\"isPartOf\":{\"@id\":\"https:\\\/\\\/mtc-modellbau.de\\\/es\\\/#website\"},\"primaryImageOfPage\":{\"@id\":\"https:\\\/\\\/mtc-modellbau.de\\\/es\\\/modelo-exposicion-medica-erbe\\\/#primaryimage\"},\"image\":{\"@id\":\"https:\\\/\\\/mtc-modellbau.de\\\/es\\\/modelo-exposicion-medica-erbe\\\/#primaryimage\"},\"thumbnailUrl\":\"https:\\\/\\\/mtc-modellbau.de\\\/wp-content\\\/uploads\\\/2026\\\/03\\\/Erbe-Messe-Modell.jpeg\",\"datePublished\":\"2026-03-02T06:34:15+00:00\",\"dateModified\":\"2026-03-02T07:17:22+00:00\",\"description\":\"MTC Modellbau\u00ae realiz\u00f3 un modelo de exposici\u00f3n m\u00e9dica a escala 7:1 para Erbe Elektromedizin. Modelos premium para ferias.\",\"breadcrumb\":{\"@id\":\"https:\\\/\\\/mtc-modellbau.de\\\/es\\\/modelo-exposicion-medica-erbe\\\/#breadcrumb\"},\"inLanguage\":\"es\",\"potentialAction\":[{\"@type\":\"ReadAction\",\"target\":[\"https:\\\/\\\/mtc-modellbau.de\\\/es\\\/modelo-exposicion-medica-erbe\\\/\"]}]},{\"@type\":\"ImageObject\",\"inLanguage\":\"es\",\"@id\":\"https:\\\/\\\/mtc-modellbau.de\\\/es\\\/modelo-exposicion-medica-erbe\\\/#primaryimage\",\"url\":\"https:\\\/\\\/mtc-modellbau.de\\\/wp-content\\\/uploads\\\/2026\\\/03\\\/Erbe-Messe-Modell.jpeg\",\"contentUrl\":\"https:\\\/\\\/mtc-modellbau.de\\\/wp-content\\\/uploads\\\/2026\\\/03\\\/Erbe-Messe-Modell.jpeg\",\"width\":960,\"height\":1280},{\"@type\":\"BreadcrumbList\",\"@id\":\"https:\\\/\\\/mtc-modellbau.de\\\/es\\\/modelo-exposicion-medica-erbe\\\/#breadcrumb\",\"itemListElement\":[{\"@type\":\"ListItem\",\"position\":1,\"name\":\"Startseite\",\"item\":\"https:\\\/\\\/mtc-modellbau.de\\\/es\\\/\"},{\"@type\":\"ListItem\",\"position\":2,\"name\":\"Modelo de exposici\u00f3n para tecnolog\u00eda m\u00e9dica \u2013 Instrumento a escala 7:1\"}]},{\"@type\":\"WebSite\",\"@id\":\"https:\\\/\\\/mtc-modellbau.de\\\/es\\\/#website\",\"url\":\"https:\\\/\\\/mtc-modellbau.de\\\/es\\\/\",\"name\":\"MTC Modellbau\u00ae\",\"description\":\"Die wertigsten Modelle Deutschlands!\",\"publisher\":{\"@id\":\"https:\\\/\\\/mtc-modellbau.de\\\/es\\\/#organization\"},\"potentialAction\":[{\"@type\":\"SearchAction\",\"target\":{\"@type\":\"EntryPoint\",\"urlTemplate\":\"https:\\\/\\\/mtc-modellbau.de\\\/es\\\/?s={search_term_string}\"},\"query-input\":{\"@type\":\"PropertyValueSpecification\",\"valueRequired\":true,\"valueName\":\"search_term_string\"}}],\"inLanguage\":\"es\"},{\"@type\":\"Organization\",\"@id\":\"https:\\\/\\\/mtc-modellbau.de\\\/es\\\/#organization\",\"name\":\"Architekturmodellbau by MTC Modellbau\u00ae\",\"url\":\"https:\\\/\\\/mtc-modellbau.de\\\/es\\\/\",\"logo\":{\"@type\":\"ImageObject\",\"inLanguage\":\"es\",\"@id\":\"https:\\\/\\\/mtc-modellbau.de\\\/es\\\/#\\\/schema\\\/logo\\\/image\\\/\",\"url\":\"https:\\\/\\\/mtc-modellbau.de\\\/wp-content\\\/uploads\\\/2018\\\/07\\\/MTC-Modellbau-Logo-Black.png\",\"contentUrl\":\"https:\\\/\\\/mtc-modellbau.de\\\/wp-content\\\/uploads\\\/2018\\\/07\\\/MTC-Modellbau-Logo-Black.png\",\"width\":400,\"height\":200,\"caption\":\"Architekturmodellbau by MTC Modellbau\u00ae\"},\"image\":{\"@id\":\"https:\\\/\\\/mtc-modellbau.de\\\/es\\\/#\\\/schema\\\/logo\\\/image\\\/\"},\"sameAs\":[\"https:\\\/\\\/www.facebook.com\\\/MTCmodellbau\\\/\"]},{\"@type\":\"Person\",\"@id\":\"https:\\\/\\\/mtc-modellbau.de\\\/es\\\/#\\\/schema\\\/person\\\/f3363c5d7ec45172be1e4df159d0e351\",\"name\":\"admin\",\"image\":{\"@type\":\"ImageObject\",\"inLanguage\":\"es\",\"@id\":\"https:\\\/\\\/secure.gravatar.com\\\/avatar\\\/ed2cec554e8d7ed7fb2936bb9ac776313b2d65426e2aefeca83611157b6f41d9?s=96&d=mm&r=g\",\"url\":\"https:\\\/\\\/secure.gravatar.com\\\/avatar\\\/ed2cec554e8d7ed7fb2936bb9ac776313b2d65426e2aefeca83611157b6f41d9?s=96&d=mm&r=g\",\"contentUrl\":\"https:\\\/\\\/secure.gravatar.com\\\/avatar\\\/ed2cec554e8d7ed7fb2936bb9ac776313b2d65426e2aefeca83611157b6f41d9?s=96&d=mm&r=g\",\"caption\":\"admin\"}}]}<\/script>\n<!-- \/ Yoast SEO Premium plugin. -->","yoast_head_json":{"title":"Modelo de exposici\u00f3n m\u00e9dica \u2013 Modelo de instrumento","description":"MTC Modellbau\u00ae realiz\u00f3 un modelo de exposici\u00f3n m\u00e9dica a escala 7:1 para Erbe Elektromedizin. Modelos premium para ferias.","robots":{"index":"index","follow":"follow","max-snippet":"max-snippet:-1","max-image-preview":"max-image-preview:large","max-video-preview":"max-video-preview:-1"},"canonical":"https:\/\/mtc-modellbau.de\/es\/modelo-exposicion-medica-erbe\/","og_locale":"es_ES","og_type":"article","og_title":"Modelo de exposici\u00f3n para tecnolog\u00eda m\u00e9dica \u2013 Instrumento a escala 7:1","og_description":"MTC Modellbau\u00ae realiz\u00f3 un modelo de exposici\u00f3n m\u00e9dica a escala 7:1 para Erbe Elektromedizin. Modelos premium para ferias.","og_url":"https:\/\/mtc-modellbau.de\/es\/modelo-exposicion-medica-erbe\/","og_site_name":"MTC Modellbau\u00ae","article_publisher":"https:\/\/www.facebook.com\/MTCmodellbau\/","article_published_time":"2026-03-02T06:34:15+00:00","article_modified_time":"2026-03-02T07:17:22+00:00","og_image":[{"width":960,"height":1280,"url":"https:\/\/mtc-modellbau.de\/wp-content\/uploads\/2026\/03\/Erbe-Messe-Modell.jpeg","type":"image\/jpeg"}],"author":"admin","twitter_card":"summary_large_image","twitter_misc":{"Escrito por":"admin","Tiempo de lectura":"3 minutos"},"schema":{"@context":"https:\/\/schema.org","@graph":[{"@type":"Article","@id":"https:\/\/mtc-modellbau.de\/es\/modelo-exposicion-medica-erbe\/#article","isPartOf":{"@id":"https:\/\/mtc-modellbau.de\/es\/modelo-exposicion-medica-erbe\/"},"author":{"name":"admin","@id":"https:\/\/mtc-modellbau.de\/es\/#\/schema\/person\/f3363c5d7ec45172be1e4df159d0e351"},"headline":"Modelo de exposici\u00f3n para tecnolog\u00eda m\u00e9dica \u2013 Instrumento a escala 7:1","datePublished":"2026-03-02T06:34:15+00:00","dateModified":"2026-03-02T07:17:22+00:00","mainEntityOfPage":{"@id":"https:\/\/mtc-modellbau.de\/es\/modelo-exposicion-medica-erbe\/"},"wordCount":564,"publisher":{"@id":"https:\/\/mtc-modellbau.de\/es\/#organization"},"image":{"@id":"https:\/\/mtc-modellbau.de\/es\/modelo-exposicion-medica-erbe\/#primaryimage"},"thumbnailUrl":"https:\/\/mtc-modellbau.de\/wp-content\/uploads\/2026\/03\/Erbe-Messe-Modell.jpeg","keywords":["fabricaci\u00f3n de maquetas industriales","maqueta dispositivo m\u00e9dico","maqueta gran escala","maqueta instrumento m\u00e9dico","maqueta para exposiciones","maqueta para feria industrial","maquetas m\u00e9dicas","modelo de exposici\u00f3n m\u00e9dica"],"articleSection":["Blog"],"inLanguage":"es"},{"@type":"WebPage","@id":"https:\/\/mtc-modellbau.de\/es\/modelo-exposicion-medica-erbe\/","url":"https:\/\/mtc-modellbau.de\/es\/modelo-exposicion-medica-erbe\/","name":"Modelo de exposici\u00f3n m\u00e9dica \u2013 Modelo de instrumento","isPartOf":{"@id":"https:\/\/mtc-modellbau.de\/es\/#website"},"primaryImageOfPage":{"@id":"https:\/\/mtc-modellbau.de\/es\/modelo-exposicion-medica-erbe\/#primaryimage"},"image":{"@id":"https:\/\/mtc-modellbau.de\/es\/modelo-exposicion-medica-erbe\/#primaryimage"},"thumbnailUrl":"https:\/\/mtc-modellbau.de\/wp-content\/uploads\/2026\/03\/Erbe-Messe-Modell.jpeg","datePublished":"2026-03-02T06:34:15+00:00","dateModified":"2026-03-02T07:17:22+00:00","description":"MTC Modellbau\u00ae realiz\u00f3 un modelo de exposici\u00f3n m\u00e9dica a escala 7:1 para Erbe Elektromedizin. Modelos premium para ferias.","breadcrumb":{"@id":"https:\/\/mtc-modellbau.de\/es\/modelo-exposicion-medica-erbe\/#breadcrumb"},"inLanguage":"es","potentialAction":[{"@type":"ReadAction","target":["https:\/\/mtc-modellbau.de\/es\/modelo-exposicion-medica-erbe\/"]}]},{"@type":"ImageObject","inLanguage":"es","@id":"https:\/\/mtc-modellbau.de\/es\/modelo-exposicion-medica-erbe\/#primaryimage","url":"https:\/\/mtc-modellbau.de\/wp-content\/uploads\/2026\/03\/Erbe-Messe-Modell.jpeg","contentUrl":"https:\/\/mtc-modellbau.de\/wp-content\/uploads\/2026\/03\/Erbe-Messe-Modell.jpeg","width":960,"height":1280},{"@type":"BreadcrumbList","@id":"https:\/\/mtc-modellbau.de\/es\/modelo-exposicion-medica-erbe\/#breadcrumb","itemListElement":[{"@type":"ListItem","position":1,"name":"Startseite","item":"https:\/\/mtc-modellbau.de\/es\/"},{"@type":"ListItem","position":2,"name":"Modelo de exposici\u00f3n para tecnolog\u00eda m\u00e9dica \u2013 Instrumento a escala 7:1"}]},{"@type":"WebSite","@id":"https:\/\/mtc-modellbau.de\/es\/#website","url":"https:\/\/mtc-modellbau.de\/es\/","name":"MTC Modellbau\u00ae","description":"Die wertigsten Modelle Deutschlands!","publisher":{"@id":"https:\/\/mtc-modellbau.de\/es\/#organization"},"potentialAction":[{"@type":"SearchAction","target":{"@type":"EntryPoint","urlTemplate":"https:\/\/mtc-modellbau.de\/es\/?s={search_term_string}"},"query-input":{"@type":"PropertyValueSpecification","valueRequired":true,"valueName":"search_term_string"}}],"inLanguage":"es"},{"@type":"Organization","@id":"https:\/\/mtc-modellbau.de\/es\/#organization","name":"Architekturmodellbau by MTC Modellbau\u00ae","url":"https:\/\/mtc-modellbau.de\/es\/","logo":{"@type":"ImageObject","inLanguage":"es","@id":"https:\/\/mtc-modellbau.de\/es\/#\/schema\/logo\/image\/","url":"https:\/\/mtc-modellbau.de\/wp-content\/uploads\/2018\/07\/MTC-Modellbau-Logo-Black.png","contentUrl":"https:\/\/mtc-modellbau.de\/wp-content\/uploads\/2018\/07\/MTC-Modellbau-Logo-Black.png","width":400,"height":200,"caption":"Architekturmodellbau by MTC Modellbau\u00ae"},"image":{"@id":"https:\/\/mtc-modellbau.de\/es\/#\/schema\/logo\/image\/"},"sameAs":["https:\/\/www.facebook.com\/MTCmodellbau\/"]},{"@type":"Person","@id":"https:\/\/mtc-modellbau.de\/es\/#\/schema\/person\/f3363c5d7ec45172be1e4df159d0e351","name":"admin","image":{"@type":"ImageObject","inLanguage":"es","@id":"https:\/\/secure.gravatar.com\/avatar\/ed2cec554e8d7ed7fb2936bb9ac776313b2d65426e2aefeca83611157b6f41d9?s=96&d=mm&r=g","url":"https:\/\/secure.gravatar.com\/avatar\/ed2cec554e8d7ed7fb2936bb9ac776313b2d65426e2aefeca83611157b6f41d9?s=96&d=mm&r=g","contentUrl":"https:\/\/secure.gravatar.com\/avatar\/ed2cec554e8d7ed7fb2936bb9ac776313b2d65426e2aefeca83611157b6f41d9?s=96&d=mm&r=g","caption":"admin"}}]}},"menu_order":0,"_links":{"self":[{"href":"https:\/\/mtc-modellbau.de\/es\/wp-json\/wp\/v2\/posts\/30831","targetHints":{"allow":["GET"]}}],"collection":[{"href":"https:\/\/mtc-modellbau.de\/es\/wp-json\/wp\/v2\/posts"}],"about":[{"href":"https:\/\/mtc-modellbau.de\/es\/wp-json\/wp\/v2\/types\/post"}],"author":[{"embeddable":true,"href":"https:\/\/mtc-modellbau.de\/es\/wp-json\/wp\/v2\/users\/3"}],"replies":[{"embeddable":true,"href":"https:\/\/mtc-modellbau.de\/es\/wp-json\/wp\/v2\/comments?post=30831"}],"version-history":[{"count":3,"href":"https:\/\/mtc-modellbau.de\/es\/wp-json\/wp\/v2\/posts\/30831\/revisions"}],"predecessor-version":[{"id":30848,"href":"https:\/\/mtc-modellbau.de\/es\/wp-json\/wp\/v2\/posts\/30831\/revisions\/30848"}],"wp:featuredmedia":[{"embeddable":true,"href":"https:\/\/mtc-modellbau.de\/es\/wp-json\/wp\/v2\/media\/30822"}],"wp:attachment":[{"href":"https:\/\/mtc-modellbau.de\/es\/wp-json\/wp\/v2\/media?parent=30831"}],"wp:term":[{"taxonomy":"category","embeddable":true,"href":"https:\/\/mtc-modellbau.de\/es\/wp-json\/wp\/v2\/categories?post=30831"},{"taxonomy":"post_tag","embeddable":true,"href":"https:\/\/mtc-modellbau.de\/es\/wp-json\/wp\/v2\/tags?post=30831"}],"curies":[{"name":"wp","href":"https:\/\/api.w.org\/{rel}","templated":true}]}}