{"id":28533,"date":"2025-10-13T07:10:47","date_gmt":"2025-10-13T05:10:47","guid":{"rendered":"https:\/\/mtc-modellbau.de\/kg-wetter\/"},"modified":"2026-06-30T11:43:56","modified_gmt":"2026-06-30T09:43:56","slug":"kg-wetter","status":"publish","type":"post","link":"https:\/\/mtc-modellbau.de\/fr\/kg-wetter\/","title":{"rendered":"Maquettes premium pour K+G Wetter \u2013 la r\u00e9alisation commencera bient\u00f4t"},"content":{"rendered":"<div class=\"wpb-content-wrapper\" id=\"wpb-content-root\"><p>[vc_row][vc_column][vc_custom_heading text=\u00a0\u00bbMaquettes premium pour K+G Wetter | MTC Modellbau\u00ae\u00a0\u00bb font_container=\u00a0\u00bbtag:h2|text_align:center|color:%23111111&Prime; use_theme_fonts=\u00a0\u00bbyes\u00a0\u00bb css=\u00a0\u00bb\u00a0\u00bb][\/vc_column][\/vc_row][vc_row][vc_column][vc_column_text css=\u00a0\u00bb\u00a0\u00bb]<\/p>\n<p>Nous sommes ravis de ce nouveau projet : <strong>MTC Modellbau\u00ae<\/strong> r\u00e9alisera <strong>deux maquettes premium<\/strong> du <strong>coupeur haute performance<\/strong> pour <strong>K+G Wetter<\/strong> \u2013 un projet passionnant dans le domaine des <strong>maquettes industrielles<\/strong>.<\/p>\n<h2>Pr\u00e9cision et qualit\u00e9 au premier plan<\/h2>\n<p>Les maquettes seront bient\u00f4t r\u00e9alis\u00e9es et mettront l\u2019accent sur la <strong>plus grande fid\u00e9lit\u00e9 des d\u00e9tails, la qualit\u00e9 et le design<\/strong>. Chaque mod\u00e8le sera plac\u00e9 sur un <strong>socle \u00e9l\u00e9gant<\/strong> et prot\u00e9g\u00e9 par une <strong>cloche en plexiglas<\/strong> \u2013 id\u00e9al pour les <strong>pr\u00e9sentations sur salon<\/strong> ou l\u2019exposition au si\u00e8ge de l\u2019entreprise.<\/p>\n<p>Notre exp\u00e9rience de plus de huit ans dans la fabrication de maquettes pour des entreprises industrielles internationales se refl\u00e8te \u00e9galement dans ce projet. Nous utilisons les technologies de production les plus modernes, les proc\u00e9d\u00e9s d\u2019impression 3D et un travail manuel de pr\u00e9cision afin de reproduire chaque d\u00e9tail avec exactitude.<\/p>\n<h2>Mod\u00e9lisme premium pour l\u2019industrie<\/h2>\n<p>Qu\u2019il s\u2019agisse de machines, d\u2019installations ou de maquettes fonctionnelles \u2013 <strong>MTC Modellbau\u00ae<\/strong> repr\u00e9sente des <strong>solutions sur mesure dans le domaine du mod\u00e9lisme industriel<\/strong>. Nos maquettes visualisent des syst\u00e8mes techniques complexes sous une forme compacte et de haute qualit\u00e9 \u2013 parfaites pour les pr\u00e9sentations, les formations ou les salons professionnels.<\/p>\n<h2>Collaboration avec K+G Wetter<\/h2>\n<p>Nous remercions <strong>K+G Wetter<\/strong> pour sa confiance dans notre travail et nous r\u00e9jouissons de la prochaine r\u00e9alisation de ce projet. Ces maquettes premium d\u00e9montreront une fois de plus qu\u2019il est possible d\u2019allier parfaitement pr\u00e9cision, fonctionnalit\u00e9 et esth\u00e9tique.<\/p>\n<p>&#x1f539; Deux maquettes premium du coupeur haute performance<br \/>\n&#x1f539; Pr\u00e9sentation sur socles avec cloches en plexiglas<br \/>\n&#x1f539; R\u00e9alisation imminente<\/p>\n<p>[\/vc_column_text][\/vc_column][\/vc_row][vc_row][vc_column][vc_custom_heading text=\u00a0\u00bbImpression:\u00a0\u00bb use_theme_fonts=\u00a0\u00bbyes\u00a0\u00bb css=\u00a0\u00bb\u00a0\u00bb][vc_single_image image=\u00a0\u00bb27706&Prime; img_size=\u00a0\u00bblarge\u00a0\u00bb alignment=\u00a0\u00bbcenter\u00a0\u00bb css=\u00a0\u00bb\u00a0\u00bb][\/vc_column][\/vc_row]<\/p>\n<\/div>","protected":false},"excerpt":{"rendered":"<p>[vc_row][vc_column][vc_custom_heading text=\u00a0\u00bbMaquettes premium pour K+G Wetter | MTC Modellbau\u00ae\u00a0\u00bb font_container=\u00a0\u00bbtag:h2|text_align:center|color:%23111111&Prime; use_theme_fonts=\u00a0\u00bbyes\u00a0\u00bb css=\u00a0\u00bb\u00a0\u00bb][\/vc_column][\/vc_row][vc_row][vc_column][vc_column_text css=\u00a0\u00bb\u00a0\u00bb] Nous sommes ravis de ce nouveau projet&#8230;<\/p>\n","protected":false},"author":3,"featured_media":30614,"comment_status":"closed","ping_status":"closed","sticky":false,"template":"","format":"standard","meta":{"ngg_post_thumbnail":0,"footnotes":""},"categories":[1714],"tags":[2319,1828,2315,2317,1806,2318,2320,2314,2316,1800,1769],"class_list":["post-28533","post","type-post","status-publish","format-standard","has-post-thumbnail","category-blog-fr","tag-cloche-en-plexiglas","tag-kg-wetter","tag-maquette-de-coupeur-haute-performance","tag-maquette-de-machine","tag-maquette-de-presentation","tag-maquette-dexposition","tag-maquette-sur-socle","tag-modele-fonctionnel","tag-modelisme-industriel","tag-modelisme-premium","tag-mtc-modellbau"],"yoast_head":"<!-- This site is optimized with the Yoast SEO Premium plugin v25.6 (Yoast SEO v28.4) - https:\/\/yoast.com\/product\/yoast-seo-premium-wordpress\/ -->\n<title>Maquettes premium pour K+G Wetter | MTC Modellbau\u00ae<\/title>\n<meta name=\"description\" content=\"MTC Modellbau\u00ae r\u00e9alise deux maquettes premium du coupeur haute performance pour K+G Wetter. Pr\u00e9cision, qualit\u00e9 et design.\" \/>\n<meta name=\"robots\" content=\"index, follow, max-snippet:-1, max-image-preview:large, max-video-preview:-1\" \/>\n<link rel=\"canonical\" href=\"https:\/\/mtc-modellbau.de\/fr\/kg-wetter\/\" \/>\n<meta property=\"og:locale\" content=\"fr_FR\" \/>\n<meta property=\"og:type\" content=\"article\" \/>\n<meta property=\"og:title\" content=\"Maquettes premium pour K+G Wetter \u2013 la r\u00e9alisation commencera bient\u00f4t\" \/>\n<meta property=\"og:description\" content=\"MTC Modellbau\u00ae r\u00e9alise deux maquettes premium du coupeur haute performance pour K+G Wetter. Pr\u00e9cision, qualit\u00e9 et design.\" \/>\n<meta property=\"og:url\" content=\"https:\/\/mtc-modellbau.de\/fr\/kg-wetter\/\" \/>\n<meta property=\"og:site_name\" content=\"MTC Modellbau\u00ae\" \/>\n<meta property=\"article:publisher\" content=\"https:\/\/www.facebook.com\/MTCmodellbau\/\" \/>\n<meta property=\"article:published_time\" content=\"2025-10-13T05:10:47+00:00\" \/>\n<meta property=\"article:modified_time\" content=\"2026-06-30T09:43:56+00:00\" \/>\n<meta property=\"og:image\" content=\"https:\/\/mtc-modellbau.de\/wp-content\/uploads\/2026\/01\/Kutter-Modellbau.jpg\" \/>\n\t<meta property=\"og:image:width\" content=\"1920\" \/>\n\t<meta property=\"og:image:height\" content=\"1080\" \/>\n\t<meta property=\"og:image:type\" content=\"image\/jpeg\" \/>\n<meta name=\"author\" content=\"admin\" \/>\n<meta name=\"twitter:card\" content=\"summary_large_image\" \/>\n<meta name=\"twitter:label1\" content=\"\u00c9crit par\" \/>\n\t<meta name=\"twitter:data1\" content=\"admin\" \/>\n\t<meta name=\"twitter:label2\" content=\"Dur\u00e9e de lecture estim\u00e9e\" \/>\n\t<meta name=\"twitter:data2\" content=\"2 minutes\" \/>\n<script type=\"application\/ld+json\" class=\"yoast-schema-graph\">{\"@context\":\"https:\\\/\\\/schema.org\",\"@graph\":[{\"@type\":\"Article\",\"@id\":\"https:\\\/\\\/mtc-modellbau.de\\\/fr\\\/kg-wetter\\\/#article\",\"isPartOf\":{\"@id\":\"https:\\\/\\\/mtc-modellbau.de\\\/fr\\\/kg-wetter\\\/\"},\"author\":{\"name\":\"admin\",\"@id\":\"https:\\\/\\\/mtc-modellbau.de\\\/fr\\\/#\\\/schema\\\/person\\\/f3363c5d7ec45172be1e4df159d0e351\"},\"headline\":\"Maquettes premium pour K+G Wetter \u2013 la r\u00e9alisation commencera bient\u00f4t\",\"datePublished\":\"2025-10-13T05:10:47+00:00\",\"dateModified\":\"2026-06-30T09:43:56+00:00\",\"mainEntityOfPage\":{\"@id\":\"https:\\\/\\\/mtc-modellbau.de\\\/fr\\\/kg-wetter\\\/\"},\"wordCount\":377,\"publisher\":{\"@id\":\"https:\\\/\\\/mtc-modellbau.de\\\/fr\\\/#organization\"},\"image\":{\"@id\":\"https:\\\/\\\/mtc-modellbau.de\\\/fr\\\/kg-wetter\\\/#primaryimage\"},\"thumbnailUrl\":\"https:\\\/\\\/mtc-modellbau.de\\\/wp-content\\\/uploads\\\/2026\\\/01\\\/Kutter-Modellbau.jpg\",\"keywords\":[\"cloche en plexiglas\",\"K+G Wetter\",\"maquette de coupeur haute performance\",\"maquette de machine\",\"maquette de pr\u00e9sentation\",\"maquette d\u2019exposition\",\"maquette sur socle\",\"Mod\u00e8le fonctionnel\",\"mod\u00e9lisme industriel\",\"mod\u00e9lisme premium\",\"mtc modellbau\"],\"articleSection\":[\"Blog\"],\"inLanguage\":\"fr-FR\"},{\"@type\":\"WebPage\",\"@id\":\"https:\\\/\\\/mtc-modellbau.de\\\/fr\\\/kg-wetter\\\/\",\"url\":\"https:\\\/\\\/mtc-modellbau.de\\\/fr\\\/kg-wetter\\\/\",\"name\":\"Maquettes premium pour K+G Wetter | MTC Modellbau\u00ae\",\"isPartOf\":{\"@id\":\"https:\\\/\\\/mtc-modellbau.de\\\/fr\\\/#website\"},\"primaryImageOfPage\":{\"@id\":\"https:\\\/\\\/mtc-modellbau.de\\\/fr\\\/kg-wetter\\\/#primaryimage\"},\"image\":{\"@id\":\"https:\\\/\\\/mtc-modellbau.de\\\/fr\\\/kg-wetter\\\/#primaryimage\"},\"thumbnailUrl\":\"https:\\\/\\\/mtc-modellbau.de\\\/wp-content\\\/uploads\\\/2026\\\/01\\\/Kutter-Modellbau.jpg\",\"datePublished\":\"2025-10-13T05:10:47+00:00\",\"dateModified\":\"2026-06-30T09:43:56+00:00\",\"description\":\"MTC Modellbau\u00ae r\u00e9alise deux maquettes premium du coupeur haute performance pour K+G Wetter. Pr\u00e9cision, qualit\u00e9 et design.\",\"breadcrumb\":{\"@id\":\"https:\\\/\\\/mtc-modellbau.de\\\/fr\\\/kg-wetter\\\/#breadcrumb\"},\"inLanguage\":\"fr-FR\",\"potentialAction\":[{\"@type\":\"ReadAction\",\"target\":[\"https:\\\/\\\/mtc-modellbau.de\\\/fr\\\/kg-wetter\\\/\"]}]},{\"@type\":\"ImageObject\",\"inLanguage\":\"fr-FR\",\"@id\":\"https:\\\/\\\/mtc-modellbau.de\\\/fr\\\/kg-wetter\\\/#primaryimage\",\"url\":\"https:\\\/\\\/mtc-modellbau.de\\\/wp-content\\\/uploads\\\/2026\\\/01\\\/Kutter-Modellbau.jpg\",\"contentUrl\":\"https:\\\/\\\/mtc-modellbau.de\\\/wp-content\\\/uploads\\\/2026\\\/01\\\/Kutter-Modellbau.jpg\",\"width\":1920,\"height\":1080},{\"@type\":\"BreadcrumbList\",\"@id\":\"https:\\\/\\\/mtc-modellbau.de\\\/fr\\\/kg-wetter\\\/#breadcrumb\",\"itemListElement\":[{\"@type\":\"ListItem\",\"position\":1,\"name\":\"Startseite\",\"item\":\"https:\\\/\\\/mtc-modellbau.de\\\/fr\\\/\"},{\"@type\":\"ListItem\",\"position\":2,\"name\":\"Maquettes premium pour K+G Wetter \u2013 la r\u00e9alisation commencera bient\u00f4t\"}]},{\"@type\":\"WebSite\",\"@id\":\"https:\\\/\\\/mtc-modellbau.de\\\/fr\\\/#website\",\"url\":\"https:\\\/\\\/mtc-modellbau.de\\\/fr\\\/\",\"name\":\"MTC Modellbau\u00ae\",\"description\":\"Die wertigsten Modelle Deutschlands!\",\"publisher\":{\"@id\":\"https:\\\/\\\/mtc-modellbau.de\\\/fr\\\/#organization\"},\"potentialAction\":[{\"@type\":\"SearchAction\",\"target\":{\"@type\":\"EntryPoint\",\"urlTemplate\":\"https:\\\/\\\/mtc-modellbau.de\\\/fr\\\/?s={search_term_string}\"},\"query-input\":{\"@type\":\"PropertyValueSpecification\",\"valueRequired\":true,\"valueName\":\"search_term_string\"}}],\"inLanguage\":\"fr-FR\"},{\"@type\":\"Organization\",\"@id\":\"https:\\\/\\\/mtc-modellbau.de\\\/fr\\\/#organization\",\"name\":\"Architekturmodellbau by MTC Modellbau\u00ae\",\"url\":\"https:\\\/\\\/mtc-modellbau.de\\\/fr\\\/\",\"logo\":{\"@type\":\"ImageObject\",\"inLanguage\":\"fr-FR\",\"@id\":\"https:\\\/\\\/mtc-modellbau.de\\\/fr\\\/#\\\/schema\\\/logo\\\/image\\\/\",\"url\":\"https:\\\/\\\/mtc-modellbau.de\\\/wp-content\\\/uploads\\\/2018\\\/07\\\/MTC-Modellbau-Logo-Black.png\",\"contentUrl\":\"https:\\\/\\\/mtc-modellbau.de\\\/wp-content\\\/uploads\\\/2018\\\/07\\\/MTC-Modellbau-Logo-Black.png\",\"width\":400,\"height\":200,\"caption\":\"Architekturmodellbau by MTC Modellbau\u00ae\"},\"image\":{\"@id\":\"https:\\\/\\\/mtc-modellbau.de\\\/fr\\\/#\\\/schema\\\/logo\\\/image\\\/\"},\"sameAs\":[\"https:\\\/\\\/www.facebook.com\\\/MTCmodellbau\\\/\"]},{\"@type\":\"Person\",\"@id\":\"https:\\\/\\\/mtc-modellbau.de\\\/fr\\\/#\\\/schema\\\/person\\\/f3363c5d7ec45172be1e4df159d0e351\",\"name\":\"admin\",\"image\":{\"@type\":\"ImageObject\",\"inLanguage\":\"fr-FR\",\"@id\":\"https:\\\/\\\/secure.gravatar.com\\\/avatar\\\/ed2cec554e8d7ed7fb2936bb9ac776313b2d65426e2aefeca83611157b6f41d9?s=96&d=mm&r=g\",\"url\":\"https:\\\/\\\/secure.gravatar.com\\\/avatar\\\/ed2cec554e8d7ed7fb2936bb9ac776313b2d65426e2aefeca83611157b6f41d9?s=96&d=mm&r=g\",\"contentUrl\":\"https:\\\/\\\/secure.gravatar.com\\\/avatar\\\/ed2cec554e8d7ed7fb2936bb9ac776313b2d65426e2aefeca83611157b6f41d9?s=96&d=mm&r=g\",\"caption\":\"admin\"}}]}<\/script>\n<!-- \/ Yoast SEO Premium plugin. -->","yoast_head_json":{"title":"Maquettes premium pour K+G Wetter | MTC Modellbau\u00ae","description":"MTC Modellbau\u00ae r\u00e9alise deux maquettes premium du coupeur haute performance pour K+G Wetter. Pr\u00e9cision, qualit\u00e9 et design.","robots":{"index":"index","follow":"follow","max-snippet":"max-snippet:-1","max-image-preview":"max-image-preview:large","max-video-preview":"max-video-preview:-1"},"canonical":"https:\/\/mtc-modellbau.de\/fr\/kg-wetter\/","og_locale":"fr_FR","og_type":"article","og_title":"Maquettes premium pour K+G Wetter \u2013 la r\u00e9alisation commencera bient\u00f4t","og_description":"MTC Modellbau\u00ae r\u00e9alise deux maquettes premium du coupeur haute performance pour K+G Wetter. Pr\u00e9cision, qualit\u00e9 et design.","og_url":"https:\/\/mtc-modellbau.de\/fr\/kg-wetter\/","og_site_name":"MTC Modellbau\u00ae","article_publisher":"https:\/\/www.facebook.com\/MTCmodellbau\/","article_published_time":"2025-10-13T05:10:47+00:00","article_modified_time":"2026-06-30T09:43:56+00:00","og_image":[{"width":1920,"height":1080,"url":"https:\/\/mtc-modellbau.de\/wp-content\/uploads\/2026\/01\/Kutter-Modellbau.jpg","type":"image\/jpeg"}],"author":"admin","twitter_card":"summary_large_image","twitter_misc":{"\u00c9crit par":"admin","Dur\u00e9e de lecture estim\u00e9e":"2 minutes"},"schema":{"@context":"https:\/\/schema.org","@graph":[{"@type":"Article","@id":"https:\/\/mtc-modellbau.de\/fr\/kg-wetter\/#article","isPartOf":{"@id":"https:\/\/mtc-modellbau.de\/fr\/kg-wetter\/"},"author":{"name":"admin","@id":"https:\/\/mtc-modellbau.de\/fr\/#\/schema\/person\/f3363c5d7ec45172be1e4df159d0e351"},"headline":"Maquettes premium pour K+G Wetter \u2013 la r\u00e9alisation commencera bient\u00f4t","datePublished":"2025-10-13T05:10:47+00:00","dateModified":"2026-06-30T09:43:56+00:00","mainEntityOfPage":{"@id":"https:\/\/mtc-modellbau.de\/fr\/kg-wetter\/"},"wordCount":377,"publisher":{"@id":"https:\/\/mtc-modellbau.de\/fr\/#organization"},"image":{"@id":"https:\/\/mtc-modellbau.de\/fr\/kg-wetter\/#primaryimage"},"thumbnailUrl":"https:\/\/mtc-modellbau.de\/wp-content\/uploads\/2026\/01\/Kutter-Modellbau.jpg","keywords":["cloche en plexiglas","K+G Wetter","maquette de coupeur haute performance","maquette de machine","maquette de pr\u00e9sentation","maquette d\u2019exposition","maquette sur socle","Mod\u00e8le fonctionnel","mod\u00e9lisme industriel","mod\u00e9lisme premium","mtc modellbau"],"articleSection":["Blog"],"inLanguage":"fr-FR"},{"@type":"WebPage","@id":"https:\/\/mtc-modellbau.de\/fr\/kg-wetter\/","url":"https:\/\/mtc-modellbau.de\/fr\/kg-wetter\/","name":"Maquettes premium pour K+G Wetter | MTC Modellbau\u00ae","isPartOf":{"@id":"https:\/\/mtc-modellbau.de\/fr\/#website"},"primaryImageOfPage":{"@id":"https:\/\/mtc-modellbau.de\/fr\/kg-wetter\/#primaryimage"},"image":{"@id":"https:\/\/mtc-modellbau.de\/fr\/kg-wetter\/#primaryimage"},"thumbnailUrl":"https:\/\/mtc-modellbau.de\/wp-content\/uploads\/2026\/01\/Kutter-Modellbau.jpg","datePublished":"2025-10-13T05:10:47+00:00","dateModified":"2026-06-30T09:43:56+00:00","description":"MTC Modellbau\u00ae r\u00e9alise deux maquettes premium du coupeur haute performance pour K+G Wetter. Pr\u00e9cision, qualit\u00e9 et design.","breadcrumb":{"@id":"https:\/\/mtc-modellbau.de\/fr\/kg-wetter\/#breadcrumb"},"inLanguage":"fr-FR","potentialAction":[{"@type":"ReadAction","target":["https:\/\/mtc-modellbau.de\/fr\/kg-wetter\/"]}]},{"@type":"ImageObject","inLanguage":"fr-FR","@id":"https:\/\/mtc-modellbau.de\/fr\/kg-wetter\/#primaryimage","url":"https:\/\/mtc-modellbau.de\/wp-content\/uploads\/2026\/01\/Kutter-Modellbau.jpg","contentUrl":"https:\/\/mtc-modellbau.de\/wp-content\/uploads\/2026\/01\/Kutter-Modellbau.jpg","width":1920,"height":1080},{"@type":"BreadcrumbList","@id":"https:\/\/mtc-modellbau.de\/fr\/kg-wetter\/#breadcrumb","itemListElement":[{"@type":"ListItem","position":1,"name":"Startseite","item":"https:\/\/mtc-modellbau.de\/fr\/"},{"@type":"ListItem","position":2,"name":"Maquettes premium pour K+G Wetter \u2013 la r\u00e9alisation commencera bient\u00f4t"}]},{"@type":"WebSite","@id":"https:\/\/mtc-modellbau.de\/fr\/#website","url":"https:\/\/mtc-modellbau.de\/fr\/","name":"MTC Modellbau\u00ae","description":"Die wertigsten Modelle Deutschlands!","publisher":{"@id":"https:\/\/mtc-modellbau.de\/fr\/#organization"},"potentialAction":[{"@type":"SearchAction","target":{"@type":"EntryPoint","urlTemplate":"https:\/\/mtc-modellbau.de\/fr\/?s={search_term_string}"},"query-input":{"@type":"PropertyValueSpecification","valueRequired":true,"valueName":"search_term_string"}}],"inLanguage":"fr-FR"},{"@type":"Organization","@id":"https:\/\/mtc-modellbau.de\/fr\/#organization","name":"Architekturmodellbau by MTC Modellbau\u00ae","url":"https:\/\/mtc-modellbau.de\/fr\/","logo":{"@type":"ImageObject","inLanguage":"fr-FR","@id":"https:\/\/mtc-modellbau.de\/fr\/#\/schema\/logo\/image\/","url":"https:\/\/mtc-modellbau.de\/wp-content\/uploads\/2018\/07\/MTC-Modellbau-Logo-Black.png","contentUrl":"https:\/\/mtc-modellbau.de\/wp-content\/uploads\/2018\/07\/MTC-Modellbau-Logo-Black.png","width":400,"height":200,"caption":"Architekturmodellbau by MTC Modellbau\u00ae"},"image":{"@id":"https:\/\/mtc-modellbau.de\/fr\/#\/schema\/logo\/image\/"},"sameAs":["https:\/\/www.facebook.com\/MTCmodellbau\/"]},{"@type":"Person","@id":"https:\/\/mtc-modellbau.de\/fr\/#\/schema\/person\/f3363c5d7ec45172be1e4df159d0e351","name":"admin","image":{"@type":"ImageObject","inLanguage":"fr-FR","@id":"https:\/\/secure.gravatar.com\/avatar\/ed2cec554e8d7ed7fb2936bb9ac776313b2d65426e2aefeca83611157b6f41d9?s=96&d=mm&r=g","url":"https:\/\/secure.gravatar.com\/avatar\/ed2cec554e8d7ed7fb2936bb9ac776313b2d65426e2aefeca83611157b6f41d9?s=96&d=mm&r=g","contentUrl":"https:\/\/secure.gravatar.com\/avatar\/ed2cec554e8d7ed7fb2936bb9ac776313b2d65426e2aefeca83611157b6f41d9?s=96&d=mm&r=g","caption":"admin"}}]}},"menu_order":0,"_links":{"self":[{"href":"https:\/\/mtc-modellbau.de\/fr\/wp-json\/wp\/v2\/posts\/28533","targetHints":{"allow":["GET"]}}],"collection":[{"href":"https:\/\/mtc-modellbau.de\/fr\/wp-json\/wp\/v2\/posts"}],"about":[{"href":"https:\/\/mtc-modellbau.de\/fr\/wp-json\/wp\/v2\/types\/post"}],"author":[{"embeddable":true,"href":"https:\/\/mtc-modellbau.de\/fr\/wp-json\/wp\/v2\/users\/3"}],"replies":[{"embeddable":true,"href":"https:\/\/mtc-modellbau.de\/fr\/wp-json\/wp\/v2\/comments?post=28533"}],"version-history":[{"count":1,"href":"https:\/\/mtc-modellbau.de\/fr\/wp-json\/wp\/v2\/posts\/28533\/revisions"}],"predecessor-version":[{"id":31516,"href":"https:\/\/mtc-modellbau.de\/fr\/wp-json\/wp\/v2\/posts\/28533\/revisions\/31516"}],"wp:featuredmedia":[{"embeddable":true,"href":"https:\/\/mtc-modellbau.de\/fr\/wp-json\/wp\/v2\/media\/30614"}],"wp:attachment":[{"href":"https:\/\/mtc-modellbau.de\/fr\/wp-json\/wp\/v2\/media?parent=28533"}],"wp:term":[{"taxonomy":"category","embeddable":true,"href":"https:\/\/mtc-modellbau.de\/fr\/wp-json\/wp\/v2\/categories?post=28533"},{"taxonomy":"post_tag","embeddable":true,"href":"https:\/\/mtc-modellbau.de\/fr\/wp-json\/wp\/v2\/tags?post=28533"}],"curies":[{"name":"wp","href":"https:\/\/api.w.org\/{rel}","templated":true}]}}