{"id":28770,"date":"2023-12-26T08:38:42","date_gmt":"2023-12-26T07:38:42","guid":{"rendered":"https:\/\/mtc-modellbau.de\/ankuendigung-eines-neuen-projekts-ludden-mennekes-ifat-2024\/"},"modified":"2025-11-05T19:57:56","modified_gmt":"2025-11-05T18:57:56","slug":"ludden-mennekes","status":"publish","type":"post","link":"https:\/\/mtc-modellbau.de\/fr\/ludden-mennekes\/","title":{"rendered":"Annonce d\u2019un nouveau projet : Ludden &#038; Mennekes, IFAT 2024"},"content":{"rendered":"<div class=\"wpb-content-wrapper\" id=\"wpb-content-root\"><p>[vc_row][vc_column][vc_custom_heading text=\u00a0\u00bbFabrication de prototypes pour l\u2019IFAT 2024 \u00e0 Munich\u00a0\u00bb font_container=\u00a0\u00bbtag:h2|text_align:center\u00a0\u00bb use_theme_fonts=\u00a0\u00bbyes\u00a0\u00bb css=\u00a0\u00bb\u00a0\u00bb][\/vc_column][\/vc_row][vc_row][vc_column][vc_column_text css=\u00a0\u00bb\u00a0\u00bb]<\/p>\n<p data-start=\"0\" data-end=\"313\">Chez <strong data-start=\"5\" data-end=\"23\">MTC Modellbau\u00ae<\/strong>, nous sommes fiers de partager une nouvelle passionnante avec notre communaut\u00e9. Nous avons r\u00e9cemment re\u00e7u la commande de d\u00e9velopper un <strong data-start=\"159\" data-end=\"189\">prototype exclusif pour LM<\/strong>. Ce projet est particuli\u00e8rement enthousiasmant pour nous, car il est destin\u00e9 au prestigieux salon <strong data-start=\"288\" data-end=\"310\">IFAT 2024 \u00e0 Munich<\/strong>.<\/p>\n<p data-start=\"315\" data-end=\"721\"><strong data-start=\"315\" data-end=\"346\">Innovation \u00e0 l\u2019\u00e9chelle 1:20<\/strong><br data-start=\"346\" data-end=\"349\" \/>Le prototype que nous concevons et fabriquons est r\u00e9alis\u00e9 \u00e0 l\u2019\u00e9chelle <strong data-start=\"419\" data-end=\"427\">1:20<\/strong>. Cette \u00e9chelle nous permet de reproduire chaque d\u00e9tail avec la plus grande <strong data-start=\"503\" data-end=\"516\">pr\u00e9cision<\/strong> et <strong data-start=\"520\" data-end=\"533\">attention<\/strong>, caract\u00e9ristiques des produits <strong data-start=\"565\" data-end=\"571\" data-is-only-node=\"\">LM<\/strong>. Gr\u00e2ce \u00e0 cette approche, nous pouvons repr\u00e9senter fid\u00e8lement les \u00e9l\u00e9ments fins et la m\u00e9canique complexe qui font la r\u00e9putation des <strong data-start=\"703\" data-end=\"718\">produits LM<\/strong>.<\/p>\n<p data-start=\"723\" data-end=\"1194\"><strong data-start=\"723\" data-end=\"755\">Une collaboration renouvel\u00e9e<\/strong><br data-start=\"755\" data-end=\"758\" \/>Cette nouvelle commande de <strong data-start=\"785\" data-end=\"791\">LM<\/strong> t\u00e9moigne de la <strong data-start=\"807\" data-end=\"820\">confiance<\/strong> et de la <strong data-start=\"830\" data-end=\"846\">satisfaction<\/strong> que l\u2019entreprise accorde \u00e0 notre travail. Nous avons d\u00e9j\u00e0 collabor\u00e9 avec succ\u00e8s par le pass\u00e9 et sommes heureux de renforcer encore cette <strong data-start=\"984\" data-end=\"999\" data-is-only-node=\"\">partenariat<\/strong>. Nos \u00e9quipes travaillent main dans la main pour s\u2019assurer que le <strong data-start=\"1065\" data-end=\"1078\">prototype<\/strong> ne soit pas seulement une maquette, mais une v\u00e9ritable <strong data-start=\"1134\" data-end=\"1185\">repr\u00e9sentation de l\u2019innovation et de la qualit\u00e9<\/strong> de LM.<\/p>\n<p data-start=\"1196\" data-end=\"1643\"><strong data-start=\"1196\" data-end=\"1240\">Un int\u00e9r\u00eat croissant pour nos prototypes<\/strong><br data-start=\"1240\" data-end=\"1243\" \/>Notre engagement envers une <strong data-start=\"1271\" data-end=\"1297\">qualit\u00e9 exceptionnelle<\/strong> et une <strong data-start=\"1305\" data-end=\"1326\">pr\u00e9cision absolue<\/strong> suscite un fort int\u00e9r\u00eat dans les secteurs du mod\u00e9lisme et de l\u2019industrie. Nous sommes ravis des retours positifs et des nombreuses demandes que nous recevons. Cela nous motive \u00e0 repousser sans cesse les limites et \u00e0 cr\u00e9er des mod\u00e8les d\u2019exception qui capturent parfaitement <strong data-start=\"1600\" data-end=\"1640\">l\u2019essence des marques de nos clients<\/strong>.<\/p>\n<p data-start=\"1645\" data-end=\"2109\"><strong data-start=\"1645\" data-end=\"1674\">En attente de l\u2019IFAT 2024<\/strong><br data-start=\"1674\" data-end=\"1677\" \/>L\u2019<strong data-start=\"1679\" data-end=\"1696\">IFAT \u00e0 Munich<\/strong> est l\u2019un des salons mondiaux les plus importants d\u00e9di\u00e9s aux <strong data-start=\"1757\" data-end=\"1791\">technologies environnementales<\/strong>. Pr\u00e9senter notre <strong data-start=\"1809\" data-end=\"1822\">prototype<\/strong> sur une plateforme aussi prestigieuse est une formidable opportunit\u00e9 pour d\u00e9montrer notre <strong data-start=\"1913\" data-end=\"1926\" data-is-only-node=\"\">expertise<\/strong> et notre <strong data-start=\"1936\" data-end=\"1984\">engagement envers la qualit\u00e9 et l\u2019innovation<\/strong>. Nous sommes impatients de participer \u00e0 cet \u00e9v\u00e9nement majeur et d\u2019\u00e9changer avec des experts et passionn\u00e9s du monde entier.<\/p>\n<p data-start=\"2111\" data-end=\"2439\" data-is-last-node=\"\" data-is-only-node=\"\">Nous souhaitons profiter de cette occasion pour remercier nos <strong data-start=\"2173\" data-end=\"2207\">clients et partenaires fid\u00e8les<\/strong>. Leur <strong data-start=\"2214\" data-end=\"2225\">soutien<\/strong> et leur <strong data-start=\"2234\" data-end=\"2247\">confiance<\/strong> sont les piliers de notre r\u00e9ussite. Restez connect\u00e9s pour d\u00e9couvrir de nouvelles mises \u00e0 jour sur notre projet pour <strong data-start=\"2364\" data-end=\"2370\">LM<\/strong> et sur les futurs d\u00e9veloppements passionnants de <strong data-start=\"2420\" data-end=\"2438\">MTC Modellbau\u00ae<\/strong>.<\/p>\n<p>[\/vc_column_text][\/vc_column][\/vc_row]<\/p>\n<\/div>","protected":false},"excerpt":{"rendered":"<p>[vc_row][vc_column][vc_custom_heading text=\u00a0\u00bbFabrication de prototypes pour l\u2019IFAT 2024 \u00e0 Munich\u00a0\u00bb font_container=\u00a0\u00bbtag:h2|text_align:center\u00a0\u00bb use_theme_fonts=\u00a0\u00bbyes\u00a0\u00bb css=\u00a0\u00bb\u00a0\u00bb][\/vc_column][\/vc_row][vc_row][vc_column][vc_column_text css=\u00a0\u00bb\u00a0\u00bb] Chez MTC Modellbau\u00ae, nous sommes fiers de&#8230;<\/p>\n","protected":false},"author":3,"featured_media":28771,"comment_status":"closed","ping_status":"closed","sticky":false,"template":"","format":"standard","meta":{"ngg_post_thumbnail":0,"footnotes":""},"categories":[1714],"tags":[2308,2239,2266,2267,2312,2313,2438],"class_list":["post-28770","post","type-post","status-publish","format-standard","has-post-thumbnail","category-blog-fr","tag-fabricant","tag-ifat","tag-ludden","tag-mennekes","tag-modelisme","tag-prototype","tag-salon-professionnel"],"yoast_head":"<!-- This site is optimized with the Yoast SEO Premium plugin v25.6 (Yoast SEO v28.4) - https:\/\/yoast.com\/product\/yoast-seo-premium-wordpress\/ -->\n<title>Annonce d\u2019un nouveau projet : Ludden &amp; Mennekes, IFAT 2024<\/title>\n<meta name=\"description\" content=\"Chez MTC Modellbau\u00ae, nous sommes fiers de partager une nouvelle passionnante avec notre communaut\u00e9.\" \/>\n<meta name=\"robots\" content=\"index, follow, max-snippet:-1, max-image-preview:large, max-video-preview:-1\" \/>\n<link rel=\"canonical\" href=\"https:\/\/mtc-modellbau.de\/fr\/ludden-mennekes\/\" \/>\n<meta property=\"og:locale\" content=\"fr_FR\" \/>\n<meta property=\"og:type\" content=\"article\" \/>\n<meta property=\"og:title\" content=\"Annonce d\u2019un nouveau projet : Ludden &amp; Mennekes, IFAT 2024\" \/>\n<meta property=\"og:description\" content=\"Chez MTC Modellbau\u00ae, nous sommes fiers de partager une nouvelle passionnante avec notre communaut\u00e9.\" \/>\n<meta property=\"og:url\" content=\"https:\/\/mtc-modellbau.de\/fr\/ludden-mennekes\/\" \/>\n<meta property=\"og:site_name\" content=\"MTC Modellbau\u00ae\" \/>\n<meta property=\"article:publisher\" content=\"https:\/\/www.facebook.com\/MTCmodellbau\/\" \/>\n<meta property=\"article:published_time\" content=\"2023-12-26T07:38:42+00:00\" \/>\n<meta property=\"article:modified_time\" content=\"2025-11-05T18:57:56+00:00\" \/>\n<meta property=\"og:image\" content=\"https:\/\/mtc-modellbau.de\/wp-content\/uploads\/2023\/12\/logo-luddenmennekes.png\" \/>\n\t<meta property=\"og:image:width\" content=\"603\" \/>\n\t<meta property=\"og:image:height\" content=\"317\" \/>\n\t<meta property=\"og:image:type\" content=\"image\/png\" \/>\n<meta name=\"author\" content=\"admin\" \/>\n<meta name=\"twitter:card\" content=\"summary_large_image\" \/>\n<meta name=\"twitter:label1\" content=\"\u00c9crit par\" \/>\n\t<meta name=\"twitter:data1\" content=\"admin\" \/>\n\t<meta name=\"twitter:label2\" content=\"Dur\u00e9e de lecture estim\u00e9e\" \/>\n\t<meta name=\"twitter:data2\" content=\"3 minutes\" \/>\n<script type=\"application\/ld+json\" class=\"yoast-schema-graph\">{\"@context\":\"https:\\\/\\\/schema.org\",\"@graph\":[{\"@type\":\"Article\",\"@id\":\"https:\\\/\\\/mtc-modellbau.de\\\/fr\\\/ludden-mennekes\\\/#article\",\"isPartOf\":{\"@id\":\"https:\\\/\\\/mtc-modellbau.de\\\/fr\\\/ludden-mennekes\\\/\"},\"author\":{\"name\":\"admin\",\"@id\":\"https:\\\/\\\/mtc-modellbau.de\\\/fr\\\/#\\\/schema\\\/person\\\/f3363c5d7ec45172be1e4df159d0e351\"},\"headline\":\"Annonce d\u2019un nouveau projet : Ludden &#038; Mennekes, IFAT 2024\",\"datePublished\":\"2023-12-26T07:38:42+00:00\",\"dateModified\":\"2025-11-05T18:57:56+00:00\",\"mainEntityOfPage\":{\"@id\":\"https:\\\/\\\/mtc-modellbau.de\\\/fr\\\/ludden-mennekes\\\/\"},\"wordCount\":438,\"publisher\":{\"@id\":\"https:\\\/\\\/mtc-modellbau.de\\\/fr\\\/#organization\"},\"image\":{\"@id\":\"https:\\\/\\\/mtc-modellbau.de\\\/fr\\\/ludden-mennekes\\\/#primaryimage\"},\"thumbnailUrl\":\"https:\\\/\\\/mtc-modellbau.de\\\/wp-content\\\/uploads\\\/2023\\\/12\\\/logo-luddenmennekes.png\",\"keywords\":[\"Fabricant\",\"ifat\",\"ludden\",\"mennekes\",\"Mod\u00e9lisme\",\"Prototype\",\"salon professionnel\"],\"articleSection\":[\"Blog\"],\"inLanguage\":\"fr-FR\"},{\"@type\":\"WebPage\",\"@id\":\"https:\\\/\\\/mtc-modellbau.de\\\/fr\\\/ludden-mennekes\\\/\",\"url\":\"https:\\\/\\\/mtc-modellbau.de\\\/fr\\\/ludden-mennekes\\\/\",\"name\":\"Annonce d\u2019un nouveau projet : Ludden & Mennekes, IFAT 2024\",\"isPartOf\":{\"@id\":\"https:\\\/\\\/mtc-modellbau.de\\\/fr\\\/#website\"},\"primaryImageOfPage\":{\"@id\":\"https:\\\/\\\/mtc-modellbau.de\\\/fr\\\/ludden-mennekes\\\/#primaryimage\"},\"image\":{\"@id\":\"https:\\\/\\\/mtc-modellbau.de\\\/fr\\\/ludden-mennekes\\\/#primaryimage\"},\"thumbnailUrl\":\"https:\\\/\\\/mtc-modellbau.de\\\/wp-content\\\/uploads\\\/2023\\\/12\\\/logo-luddenmennekes.png\",\"datePublished\":\"2023-12-26T07:38:42+00:00\",\"dateModified\":\"2025-11-05T18:57:56+00:00\",\"description\":\"Chez MTC Modellbau\u00ae, nous sommes fiers de partager une nouvelle passionnante avec notre communaut\u00e9.\",\"breadcrumb\":{\"@id\":\"https:\\\/\\\/mtc-modellbau.de\\\/fr\\\/ludden-mennekes\\\/#breadcrumb\"},\"inLanguage\":\"fr-FR\",\"potentialAction\":[{\"@type\":\"ReadAction\",\"target\":[\"https:\\\/\\\/mtc-modellbau.de\\\/fr\\\/ludden-mennekes\\\/\"]}]},{\"@type\":\"ImageObject\",\"inLanguage\":\"fr-FR\",\"@id\":\"https:\\\/\\\/mtc-modellbau.de\\\/fr\\\/ludden-mennekes\\\/#primaryimage\",\"url\":\"https:\\\/\\\/mtc-modellbau.de\\\/wp-content\\\/uploads\\\/2023\\\/12\\\/logo-luddenmennekes.png\",\"contentUrl\":\"https:\\\/\\\/mtc-modellbau.de\\\/wp-content\\\/uploads\\\/2023\\\/12\\\/logo-luddenmennekes.png\",\"width\":603,\"height\":317},{\"@type\":\"BreadcrumbList\",\"@id\":\"https:\\\/\\\/mtc-modellbau.de\\\/fr\\\/ludden-mennekes\\\/#breadcrumb\",\"itemListElement\":[{\"@type\":\"ListItem\",\"position\":1,\"name\":\"Startseite\",\"item\":\"https:\\\/\\\/mtc-modellbau.de\\\/fr\\\/\"},{\"@type\":\"ListItem\",\"position\":2,\"name\":\"Annonce d\u2019un nouveau projet : Ludden &#038; Mennekes, IFAT 2024\"}]},{\"@type\":\"WebSite\",\"@id\":\"https:\\\/\\\/mtc-modellbau.de\\\/fr\\\/#website\",\"url\":\"https:\\\/\\\/mtc-modellbau.de\\\/fr\\\/\",\"name\":\"MTC Modellbau\u00ae\",\"description\":\"Die wertigsten Modelle Deutschlands!\",\"publisher\":{\"@id\":\"https:\\\/\\\/mtc-modellbau.de\\\/fr\\\/#organization\"},\"potentialAction\":[{\"@type\":\"SearchAction\",\"target\":{\"@type\":\"EntryPoint\",\"urlTemplate\":\"https:\\\/\\\/mtc-modellbau.de\\\/fr\\\/?s={search_term_string}\"},\"query-input\":{\"@type\":\"PropertyValueSpecification\",\"valueRequired\":true,\"valueName\":\"search_term_string\"}}],\"inLanguage\":\"fr-FR\"},{\"@type\":\"Organization\",\"@id\":\"https:\\\/\\\/mtc-modellbau.de\\\/fr\\\/#organization\",\"name\":\"Architekturmodellbau by MTC Modellbau\u00ae\",\"url\":\"https:\\\/\\\/mtc-modellbau.de\\\/fr\\\/\",\"logo\":{\"@type\":\"ImageObject\",\"inLanguage\":\"fr-FR\",\"@id\":\"https:\\\/\\\/mtc-modellbau.de\\\/fr\\\/#\\\/schema\\\/logo\\\/image\\\/\",\"url\":\"https:\\\/\\\/mtc-modellbau.de\\\/wp-content\\\/uploads\\\/2018\\\/07\\\/MTC-Modellbau-Logo-Black.png\",\"contentUrl\":\"https:\\\/\\\/mtc-modellbau.de\\\/wp-content\\\/uploads\\\/2018\\\/07\\\/MTC-Modellbau-Logo-Black.png\",\"width\":400,\"height\":200,\"caption\":\"Architekturmodellbau by MTC Modellbau\u00ae\"},\"image\":{\"@id\":\"https:\\\/\\\/mtc-modellbau.de\\\/fr\\\/#\\\/schema\\\/logo\\\/image\\\/\"},\"sameAs\":[\"https:\\\/\\\/www.facebook.com\\\/MTCmodellbau\\\/\"]},{\"@type\":\"Person\",\"@id\":\"https:\\\/\\\/mtc-modellbau.de\\\/fr\\\/#\\\/schema\\\/person\\\/f3363c5d7ec45172be1e4df159d0e351\",\"name\":\"admin\",\"image\":{\"@type\":\"ImageObject\",\"inLanguage\":\"fr-FR\",\"@id\":\"https:\\\/\\\/secure.gravatar.com\\\/avatar\\\/ed2cec554e8d7ed7fb2936bb9ac776313b2d65426e2aefeca83611157b6f41d9?s=96&d=mm&r=g\",\"url\":\"https:\\\/\\\/secure.gravatar.com\\\/avatar\\\/ed2cec554e8d7ed7fb2936bb9ac776313b2d65426e2aefeca83611157b6f41d9?s=96&d=mm&r=g\",\"contentUrl\":\"https:\\\/\\\/secure.gravatar.com\\\/avatar\\\/ed2cec554e8d7ed7fb2936bb9ac776313b2d65426e2aefeca83611157b6f41d9?s=96&d=mm&r=g\",\"caption\":\"admin\"}}]}<\/script>\n<!-- \/ Yoast SEO Premium plugin. -->","yoast_head_json":{"title":"Annonce d\u2019un nouveau projet : Ludden & Mennekes, IFAT 2024","description":"Chez MTC Modellbau\u00ae, nous sommes fiers de partager une nouvelle passionnante avec notre communaut\u00e9.","robots":{"index":"index","follow":"follow","max-snippet":"max-snippet:-1","max-image-preview":"max-image-preview:large","max-video-preview":"max-video-preview:-1"},"canonical":"https:\/\/mtc-modellbau.de\/fr\/ludden-mennekes\/","og_locale":"fr_FR","og_type":"article","og_title":"Annonce d\u2019un nouveau projet : Ludden & Mennekes, IFAT 2024","og_description":"Chez MTC Modellbau\u00ae, nous sommes fiers de partager une nouvelle passionnante avec notre communaut\u00e9.","og_url":"https:\/\/mtc-modellbau.de\/fr\/ludden-mennekes\/","og_site_name":"MTC Modellbau\u00ae","article_publisher":"https:\/\/www.facebook.com\/MTCmodellbau\/","article_published_time":"2023-12-26T07:38:42+00:00","article_modified_time":"2025-11-05T18:57:56+00:00","og_image":[{"width":603,"height":317,"url":"https:\/\/mtc-modellbau.de\/wp-content\/uploads\/2023\/12\/logo-luddenmennekes.png","type":"image\/png"}],"author":"admin","twitter_card":"summary_large_image","twitter_misc":{"\u00c9crit par":"admin","Dur\u00e9e de lecture estim\u00e9e":"3 minutes"},"schema":{"@context":"https:\/\/schema.org","@graph":[{"@type":"Article","@id":"https:\/\/mtc-modellbau.de\/fr\/ludden-mennekes\/#article","isPartOf":{"@id":"https:\/\/mtc-modellbau.de\/fr\/ludden-mennekes\/"},"author":{"name":"admin","@id":"https:\/\/mtc-modellbau.de\/fr\/#\/schema\/person\/f3363c5d7ec45172be1e4df159d0e351"},"headline":"Annonce d\u2019un nouveau projet : Ludden &#038; Mennekes, IFAT 2024","datePublished":"2023-12-26T07:38:42+00:00","dateModified":"2025-11-05T18:57:56+00:00","mainEntityOfPage":{"@id":"https:\/\/mtc-modellbau.de\/fr\/ludden-mennekes\/"},"wordCount":438,"publisher":{"@id":"https:\/\/mtc-modellbau.de\/fr\/#organization"},"image":{"@id":"https:\/\/mtc-modellbau.de\/fr\/ludden-mennekes\/#primaryimage"},"thumbnailUrl":"https:\/\/mtc-modellbau.de\/wp-content\/uploads\/2023\/12\/logo-luddenmennekes.png","keywords":["Fabricant","ifat","ludden","mennekes","Mod\u00e9lisme","Prototype","salon professionnel"],"articleSection":["Blog"],"inLanguage":"fr-FR"},{"@type":"WebPage","@id":"https:\/\/mtc-modellbau.de\/fr\/ludden-mennekes\/","url":"https:\/\/mtc-modellbau.de\/fr\/ludden-mennekes\/","name":"Annonce d\u2019un nouveau projet : Ludden & Mennekes, IFAT 2024","isPartOf":{"@id":"https:\/\/mtc-modellbau.de\/fr\/#website"},"primaryImageOfPage":{"@id":"https:\/\/mtc-modellbau.de\/fr\/ludden-mennekes\/#primaryimage"},"image":{"@id":"https:\/\/mtc-modellbau.de\/fr\/ludden-mennekes\/#primaryimage"},"thumbnailUrl":"https:\/\/mtc-modellbau.de\/wp-content\/uploads\/2023\/12\/logo-luddenmennekes.png","datePublished":"2023-12-26T07:38:42+00:00","dateModified":"2025-11-05T18:57:56+00:00","description":"Chez MTC Modellbau\u00ae, nous sommes fiers de partager une nouvelle passionnante avec notre communaut\u00e9.","breadcrumb":{"@id":"https:\/\/mtc-modellbau.de\/fr\/ludden-mennekes\/#breadcrumb"},"inLanguage":"fr-FR","potentialAction":[{"@type":"ReadAction","target":["https:\/\/mtc-modellbau.de\/fr\/ludden-mennekes\/"]}]},{"@type":"ImageObject","inLanguage":"fr-FR","@id":"https:\/\/mtc-modellbau.de\/fr\/ludden-mennekes\/#primaryimage","url":"https:\/\/mtc-modellbau.de\/wp-content\/uploads\/2023\/12\/logo-luddenmennekes.png","contentUrl":"https:\/\/mtc-modellbau.de\/wp-content\/uploads\/2023\/12\/logo-luddenmennekes.png","width":603,"height":317},{"@type":"BreadcrumbList","@id":"https:\/\/mtc-modellbau.de\/fr\/ludden-mennekes\/#breadcrumb","itemListElement":[{"@type":"ListItem","position":1,"name":"Startseite","item":"https:\/\/mtc-modellbau.de\/fr\/"},{"@type":"ListItem","position":2,"name":"Annonce d\u2019un nouveau projet : Ludden &#038; Mennekes, IFAT 2024"}]},{"@type":"WebSite","@id":"https:\/\/mtc-modellbau.de\/fr\/#website","url":"https:\/\/mtc-modellbau.de\/fr\/","name":"MTC Modellbau\u00ae","description":"Die wertigsten Modelle Deutschlands!","publisher":{"@id":"https:\/\/mtc-modellbau.de\/fr\/#organization"},"potentialAction":[{"@type":"SearchAction","target":{"@type":"EntryPoint","urlTemplate":"https:\/\/mtc-modellbau.de\/fr\/?s={search_term_string}"},"query-input":{"@type":"PropertyValueSpecification","valueRequired":true,"valueName":"search_term_string"}}],"inLanguage":"fr-FR"},{"@type":"Organization","@id":"https:\/\/mtc-modellbau.de\/fr\/#organization","name":"Architekturmodellbau by MTC Modellbau\u00ae","url":"https:\/\/mtc-modellbau.de\/fr\/","logo":{"@type":"ImageObject","inLanguage":"fr-FR","@id":"https:\/\/mtc-modellbau.de\/fr\/#\/schema\/logo\/image\/","url":"https:\/\/mtc-modellbau.de\/wp-content\/uploads\/2018\/07\/MTC-Modellbau-Logo-Black.png","contentUrl":"https:\/\/mtc-modellbau.de\/wp-content\/uploads\/2018\/07\/MTC-Modellbau-Logo-Black.png","width":400,"height":200,"caption":"Architekturmodellbau by MTC Modellbau\u00ae"},"image":{"@id":"https:\/\/mtc-modellbau.de\/fr\/#\/schema\/logo\/image\/"},"sameAs":["https:\/\/www.facebook.com\/MTCmodellbau\/"]},{"@type":"Person","@id":"https:\/\/mtc-modellbau.de\/fr\/#\/schema\/person\/f3363c5d7ec45172be1e4df159d0e351","name":"admin","image":{"@type":"ImageObject","inLanguage":"fr-FR","@id":"https:\/\/secure.gravatar.com\/avatar\/ed2cec554e8d7ed7fb2936bb9ac776313b2d65426e2aefeca83611157b6f41d9?s=96&d=mm&r=g","url":"https:\/\/secure.gravatar.com\/avatar\/ed2cec554e8d7ed7fb2936bb9ac776313b2d65426e2aefeca83611157b6f41d9?s=96&d=mm&r=g","contentUrl":"https:\/\/secure.gravatar.com\/avatar\/ed2cec554e8d7ed7fb2936bb9ac776313b2d65426e2aefeca83611157b6f41d9?s=96&d=mm&r=g","caption":"admin"}}]}},"menu_order":0,"_links":{"self":[{"href":"https:\/\/mtc-modellbau.de\/fr\/wp-json\/wp\/v2\/posts\/28770","targetHints":{"allow":["GET"]}}],"collection":[{"href":"https:\/\/mtc-modellbau.de\/fr\/wp-json\/wp\/v2\/posts"}],"about":[{"href":"https:\/\/mtc-modellbau.de\/fr\/wp-json\/wp\/v2\/types\/post"}],"author":[{"embeddable":true,"href":"https:\/\/mtc-modellbau.de\/fr\/wp-json\/wp\/v2\/users\/3"}],"replies":[{"embeddable":true,"href":"https:\/\/mtc-modellbau.de\/fr\/wp-json\/wp\/v2\/comments?post=28770"}],"version-history":[{"count":0,"href":"https:\/\/mtc-modellbau.de\/fr\/wp-json\/wp\/v2\/posts\/28770\/revisions"}],"wp:featuredmedia":[{"embeddable":true,"href":"https:\/\/mtc-modellbau.de\/fr\/wp-json\/wp\/v2\/media\/28771"}],"wp:attachment":[{"href":"https:\/\/mtc-modellbau.de\/fr\/wp-json\/wp\/v2\/media?parent=28770"}],"wp:term":[{"taxonomy":"category","embeddable":true,"href":"https:\/\/mtc-modellbau.de\/fr\/wp-json\/wp\/v2\/categories?post=28770"},{"taxonomy":"post_tag","embeddable":true,"href":"https:\/\/mtc-modellbau.de\/fr\/wp-json\/wp\/v2\/tags?post=28770"}],"curies":[{"name":"wp","href":"https:\/\/api.w.org\/{rel}","templated":true}]}}