{"id":30556,"date":"2025-12-30T08:56:56","date_gmt":"2025-12-30T07:56:56","guid":{"rendered":"https:\/\/mtc-modellbau.de\/zalando-modell-office\/"},"modified":"2025-12-30T09:53:00","modified_gmt":"2025-12-30T08:53:00","slug":"zalando-maquette","status":"publish","type":"post","link":"https:\/\/mtc-modellbau.de\/fr\/zalando-maquette\/","title":{"rendered":"Maquette architecturale premium pour Zalando \u2013 Le premier bureau en miniature d\u00e9taill\u00e9e"},"content":{"rendered":"<div class=\"wpb-content-wrapper\" id=\"wpb-content-root\"><p>[vc_row][vc_column][vc_custom_heading text=\u00a0\u00bbMaquette architecturale premium pour Zalando | MTC Modellbau\u00ae\u00a0\u00bb font_container=\u00a0\u00bbtag:h2|text_align:center|color:%23111111&Prime; use_theme_fonts=\u00a0\u00bbyes\u00a0\u00bb css=\u00a0\u00bb\u00a0\u00bb][\/vc_column][\/vc_row][vc_row][vc_column][vc_column_text css=\u00a0\u00bb\u00a0\u00bb]Pour <strong>Zalando<\/strong>, nous avons r\u00e9alis\u00e9 une maquette architecturale et d\u2019am\u00e9nagement int\u00e9rieur exclusive repr\u00e9sentant un moment cl\u00e9 de l\u2019histoire de l\u2019entreprise : <strong data-start=\"395\" data-end=\"432\">le tout premier bureau de Zalando<\/strong>, reproduit sous forme de mod\u00e8le physique haut de gamme.<\/p>\n<p data-start=\"490\" data-end=\"897\">La maquette est pr\u00e9sent\u00e9e sur un <strong data-start=\"523\" data-end=\"563\">socle en MDF fabriqu\u00e9 avec pr\u00e9cision<\/strong> et se distingue par une <strong data-start=\"588\" data-end=\"653\">r\u00e9alisation int\u00e9rieure extr\u00eamement d\u00e9taill\u00e9e sur deux niveaux<\/strong>. Chaque \u00e9tage est <strong data-start=\"672\" data-end=\"684\">amovible<\/strong> et solidement maintenu gr\u00e2ce \u00e0 un <strong data-start=\"719\" data-end=\"748\">syst\u00e8me d\u2019aimants int\u00e9gr\u00e9<\/strong>, permettant de d\u00e9couvrir les espaces int\u00e9rieurs sous diff\u00e9rents angles. Cette conception est id\u00e9ale pour les pr\u00e9sentations, r\u00e9unions et expositions.<\/p>\n<p data-start=\"899\" data-end=\"1246\">Une attention particuli\u00e8re a \u00e9t\u00e9 port\u00e9e \u00e0 la qualit\u00e9 des mat\u00e9riaux, \u00e0 la propret\u00e9 de l\u2019ex\u00e9cution et \u00e0 l\u2019harmonie de l\u2019ensemble. En compl\u00e9ment, une <strong data-start=\"1046\" data-end=\"1131\">bo\u00eete de pr\u00e9sentation et de transport en bois premium, avec gravure personnalis\u00e9e<\/strong>, a \u00e9galement \u00e9t\u00e9 r\u00e9alis\u00e9e. Elle assure une protection optimale tout en soulignant le caract\u00e8re exclusif du projet.<\/p>\n<p data-start=\"1248\" data-end=\"1500\">Ce projet d\u00e9montre que <strong data-start=\"1271\" data-end=\"1353\">les maquettes architecturales peuvent \u00eatre bien plus que de simples miniatures<\/strong> : elles deviennent des supports puissants pour transmettre l\u2019identit\u00e9, l\u2019histoire et les valeurs d\u2019une marque de mani\u00e8re tangible et \u00e9motionnelle.<\/p>\n<p data-start=\"1502\" data-end=\"1674\">Nous remercions chaleureusement <strong data-start=\"1534\" data-end=\"1545\">Zalando<\/strong> pour sa confiance et cette collaboration, et sommes fiers d\u2019avoir contribu\u00e9 \u00e0 cette repr\u00e9sentation particuli\u00e8re de son histoire.<\/p>\n<p data-start=\"1676\" data-end=\"1763\"><strong data-start=\"1676\" data-end=\"1694\">MTC Modellbau\u00ae<\/strong> \u2013 Maquettes premium pour les marques, l\u2019architecture et l\u2019industrie.<\/p>\n<p>[\/vc_column_text][\/vc_column][\/vc_row][vc_row][vc_column][vc_custom_heading text=\u00a0\u00bbImpressions:\u00a0\u00bb use_theme_fonts=\u00a0\u00bbyes\u00a0\u00bb css=\u00a0\u00bb\u00a0\u00bb][vc_column_text css=\u00a0\u00bb\u00a0\u00bb]<\/p>\n<p>ngg_shortcode_0_placeholder[\/vc_column_text][\/vc_column][\/vc_row]<\/p>\n<\/div>","protected":false},"excerpt":{"rendered":"<p>[vc_row][vc_column][vc_custom_heading text=\u00a0\u00bbMaquette architecturale premium pour Zalando | MTC Modellbau\u00ae\u00a0\u00bb font_container=\u00a0\u00bbtag:h2|text_align:center|color:%23111111&Prime; use_theme_fonts=\u00a0\u00bbyes\u00a0\u00bb css=\u00a0\u00bb\u00a0\u00bb][\/vc_column][\/vc_row][vc_row][vc_column][vc_column_text css=\u00a0\u00bb\u00a0\u00bb]Pour Zalando, nous avons r\u00e9alis\u00e9 une maquette architecturale&#8230;<\/p>\n","protected":false},"author":3,"featured_media":30539,"comment_status":"closed","ping_status":"closed","sticky":false,"template":"","format":"standard","meta":{"ngg_post_thumbnail":0,"footnotes":""},"categories":[1714],"tags":[3942,2371,3943,3937,3938,3940,1806,3939,3941],"class_list":["post-30556","post","type-post","status-publish","format-standard","has-post-thumbnail","category-blog-fr","tag-etages-amovibles-aimantes","tag-fabricant-de-maquettes-architecturales","tag-fabrication-de-maquettes-allemagne","tag-maquette-architecturale-zalando","tag-maquette-bureau-interieur","tag-maquette-de-marque","tag-maquette-de-presentation","tag-maquette-premium","tag-maquette-sur-socle-mdf"],"yoast_head":"<!-- This site is optimized with the Yoast SEO Premium plugin v25.6 (Yoast SEO v28.4) - https:\/\/yoast.com\/product\/yoast-seo-premium-wordpress\/ -->\n<title>Maquette architecturale premium pour Zalando | MTC Modellbau\u00ae<\/title>\n<meta name=\"description\" content=\"Maquette architecturale et int\u00e9rieure haut de gamme du premier bureau de Zalando : deux \u00e9tages amovibles avec aimants, socle MDF et coffret bois grav\u00e9.\" \/>\n<meta name=\"robots\" content=\"index, follow, max-snippet:-1, max-image-preview:large, max-video-preview:-1\" \/>\n<link rel=\"canonical\" href=\"https:\/\/mtc-modellbau.de\/fr\/zalando-maquette\/\" \/>\n<meta property=\"og:locale\" content=\"fr_FR\" \/>\n<meta property=\"og:type\" content=\"article\" \/>\n<meta property=\"og:title\" content=\"Maquette architecturale premium pour Zalando \u2013 Le premier bureau en miniature d\u00e9taill\u00e9e\" \/>\n<meta property=\"og:description\" content=\"Maquette architecturale et int\u00e9rieure haut de gamme du premier bureau de Zalando : deux \u00e9tages amovibles avec aimants, socle MDF et coffret bois grav\u00e9.\" \/>\n<meta property=\"og:url\" content=\"https:\/\/mtc-modellbau.de\/fr\/zalando-maquette\/\" \/>\n<meta property=\"og:site_name\" content=\"MTC Modellbau\u00ae\" \/>\n<meta property=\"article:publisher\" content=\"https:\/\/www.facebook.com\/MTCmodellbau\/\" \/>\n<meta property=\"article:published_time\" content=\"2025-12-30T07:56:56+00:00\" \/>\n<meta property=\"article:modified_time\" content=\"2025-12-30T08:53:00+00:00\" \/>\n<meta property=\"og:image\" content=\"https:\/\/mtc-modellbau.de\/wp-content\/uploads\/2025\/12\/Office-Zalando.jpeg\" \/>\n\t<meta property=\"og:image:width\" content=\"1920\" \/>\n\t<meta property=\"og:image:height\" content=\"1080\" \/>\n\t<meta property=\"og:image:type\" content=\"image\/jpeg\" \/>\n<meta name=\"author\" content=\"admin\" \/>\n<meta name=\"twitter:card\" content=\"summary_large_image\" \/>\n<meta name=\"twitter:label1\" content=\"\u00c9crit par\" \/>\n\t<meta name=\"twitter:data1\" content=\"admin\" \/>\n\t<meta name=\"twitter:label2\" content=\"Dur\u00e9e de lecture estim\u00e9e\" \/>\n\t<meta name=\"twitter:data2\" content=\"2 minutes\" \/>\n<script type=\"application\/ld+json\" class=\"yoast-schema-graph\">{\"@context\":\"https:\\\/\\\/schema.org\",\"@graph\":[{\"@type\":\"Article\",\"@id\":\"https:\\\/\\\/mtc-modellbau.de\\\/fr\\\/zalando-maquette\\\/#article\",\"isPartOf\":{\"@id\":\"https:\\\/\\\/mtc-modellbau.de\\\/fr\\\/zalando-maquette\\\/\"},\"author\":{\"name\":\"admin\",\"@id\":\"https:\\\/\\\/mtc-modellbau.de\\\/fr\\\/#\\\/schema\\\/person\\\/f3363c5d7ec45172be1e4df159d0e351\"},\"headline\":\"Maquette architecturale premium pour Zalando \u2013 Le premier bureau en miniature d\u00e9taill\u00e9e\",\"datePublished\":\"2025-12-30T07:56:56+00:00\",\"dateModified\":\"2025-12-30T08:53:00+00:00\",\"mainEntityOfPage\":{\"@id\":\"https:\\\/\\\/mtc-modellbau.de\\\/fr\\\/zalando-maquette\\\/\"},\"wordCount\":349,\"publisher\":{\"@id\":\"https:\\\/\\\/mtc-modellbau.de\\\/fr\\\/#organization\"},\"image\":{\"@id\":\"https:\\\/\\\/mtc-modellbau.de\\\/fr\\\/zalando-maquette\\\/#primaryimage\"},\"thumbnailUrl\":\"https:\\\/\\\/mtc-modellbau.de\\\/wp-content\\\/uploads\\\/2025\\\/12\\\/Office-Zalando.jpeg\",\"keywords\":[\"\u00e9tages amovibles aimant\u00e9s\",\"Fabricant de maquettes architecturales\",\"fabrication de maquettes Allemagne\",\"maquette architecturale Zalando\",\"maquette bureau int\u00e9rieur\",\"maquette de marque\",\"maquette de pr\u00e9sentation\",\"maquette premium\",\"maquette sur socle MDF\"],\"articleSection\":[\"Blog\"],\"inLanguage\":\"fr-FR\"},{\"@type\":\"WebPage\",\"@id\":\"https:\\\/\\\/mtc-modellbau.de\\\/fr\\\/zalando-maquette\\\/\",\"url\":\"https:\\\/\\\/mtc-modellbau.de\\\/fr\\\/zalando-maquette\\\/\",\"name\":\"Maquette architecturale premium pour Zalando | MTC Modellbau\u00ae\",\"isPartOf\":{\"@id\":\"https:\\\/\\\/mtc-modellbau.de\\\/fr\\\/#website\"},\"primaryImageOfPage\":{\"@id\":\"https:\\\/\\\/mtc-modellbau.de\\\/fr\\\/zalando-maquette\\\/#primaryimage\"},\"image\":{\"@id\":\"https:\\\/\\\/mtc-modellbau.de\\\/fr\\\/zalando-maquette\\\/#primaryimage\"},\"thumbnailUrl\":\"https:\\\/\\\/mtc-modellbau.de\\\/wp-content\\\/uploads\\\/2025\\\/12\\\/Office-Zalando.jpeg\",\"datePublished\":\"2025-12-30T07:56:56+00:00\",\"dateModified\":\"2025-12-30T08:53:00+00:00\",\"description\":\"Maquette architecturale et int\u00e9rieure haut de gamme du premier bureau de Zalando : deux \u00e9tages amovibles avec aimants, socle MDF et coffret bois grav\u00e9.\",\"breadcrumb\":{\"@id\":\"https:\\\/\\\/mtc-modellbau.de\\\/fr\\\/zalando-maquette\\\/#breadcrumb\"},\"inLanguage\":\"fr-FR\",\"potentialAction\":[{\"@type\":\"ReadAction\",\"target\":[\"https:\\\/\\\/mtc-modellbau.de\\\/fr\\\/zalando-maquette\\\/\"]}]},{\"@type\":\"ImageObject\",\"inLanguage\":\"fr-FR\",\"@id\":\"https:\\\/\\\/mtc-modellbau.de\\\/fr\\\/zalando-maquette\\\/#primaryimage\",\"url\":\"https:\\\/\\\/mtc-modellbau.de\\\/wp-content\\\/uploads\\\/2025\\\/12\\\/Office-Zalando.jpeg\",\"contentUrl\":\"https:\\\/\\\/mtc-modellbau.de\\\/wp-content\\\/uploads\\\/2025\\\/12\\\/Office-Zalando.jpeg\",\"width\":1920,\"height\":1080},{\"@type\":\"BreadcrumbList\",\"@id\":\"https:\\\/\\\/mtc-modellbau.de\\\/fr\\\/zalando-maquette\\\/#breadcrumb\",\"itemListElement\":[{\"@type\":\"ListItem\",\"position\":1,\"name\":\"Startseite\",\"item\":\"https:\\\/\\\/mtc-modellbau.de\\\/fr\\\/\"},{\"@type\":\"ListItem\",\"position\":2,\"name\":\"Maquette architecturale premium pour Zalando \u2013 Le premier bureau en miniature d\u00e9taill\u00e9e\"}]},{\"@type\":\"WebSite\",\"@id\":\"https:\\\/\\\/mtc-modellbau.de\\\/fr\\\/#website\",\"url\":\"https:\\\/\\\/mtc-modellbau.de\\\/fr\\\/\",\"name\":\"MTC Modellbau\u00ae\",\"description\":\"Die wertigsten Modelle Deutschlands!\",\"publisher\":{\"@id\":\"https:\\\/\\\/mtc-modellbau.de\\\/fr\\\/#organization\"},\"potentialAction\":[{\"@type\":\"SearchAction\",\"target\":{\"@type\":\"EntryPoint\",\"urlTemplate\":\"https:\\\/\\\/mtc-modellbau.de\\\/fr\\\/?s={search_term_string}\"},\"query-input\":{\"@type\":\"PropertyValueSpecification\",\"valueRequired\":true,\"valueName\":\"search_term_string\"}}],\"inLanguage\":\"fr-FR\"},{\"@type\":\"Organization\",\"@id\":\"https:\\\/\\\/mtc-modellbau.de\\\/fr\\\/#organization\",\"name\":\"Architekturmodellbau by MTC Modellbau\u00ae\",\"url\":\"https:\\\/\\\/mtc-modellbau.de\\\/fr\\\/\",\"logo\":{\"@type\":\"ImageObject\",\"inLanguage\":\"fr-FR\",\"@id\":\"https:\\\/\\\/mtc-modellbau.de\\\/fr\\\/#\\\/schema\\\/logo\\\/image\\\/\",\"url\":\"https:\\\/\\\/mtc-modellbau.de\\\/wp-content\\\/uploads\\\/2018\\\/07\\\/MTC-Modellbau-Logo-Black.png\",\"contentUrl\":\"https:\\\/\\\/mtc-modellbau.de\\\/wp-content\\\/uploads\\\/2018\\\/07\\\/MTC-Modellbau-Logo-Black.png\",\"width\":400,\"height\":200,\"caption\":\"Architekturmodellbau by MTC Modellbau\u00ae\"},\"image\":{\"@id\":\"https:\\\/\\\/mtc-modellbau.de\\\/fr\\\/#\\\/schema\\\/logo\\\/image\\\/\"},\"sameAs\":[\"https:\\\/\\\/www.facebook.com\\\/MTCmodellbau\\\/\"]},{\"@type\":\"Person\",\"@id\":\"https:\\\/\\\/mtc-modellbau.de\\\/fr\\\/#\\\/schema\\\/person\\\/f3363c5d7ec45172be1e4df159d0e351\",\"name\":\"admin\",\"image\":{\"@type\":\"ImageObject\",\"inLanguage\":\"fr-FR\",\"@id\":\"https:\\\/\\\/secure.gravatar.com\\\/avatar\\\/ed2cec554e8d7ed7fb2936bb9ac776313b2d65426e2aefeca83611157b6f41d9?s=96&d=mm&r=g\",\"url\":\"https:\\\/\\\/secure.gravatar.com\\\/avatar\\\/ed2cec554e8d7ed7fb2936bb9ac776313b2d65426e2aefeca83611157b6f41d9?s=96&d=mm&r=g\",\"contentUrl\":\"https:\\\/\\\/secure.gravatar.com\\\/avatar\\\/ed2cec554e8d7ed7fb2936bb9ac776313b2d65426e2aefeca83611157b6f41d9?s=96&d=mm&r=g\",\"caption\":\"admin\"}}]}<\/script>\n<!-- \/ Yoast SEO Premium plugin. -->","yoast_head_json":{"title":"Maquette architecturale premium pour Zalando | MTC Modellbau\u00ae","description":"Maquette architecturale et int\u00e9rieure haut de gamme du premier bureau de Zalando : deux \u00e9tages amovibles avec aimants, socle MDF et coffret bois grav\u00e9.","robots":{"index":"index","follow":"follow","max-snippet":"max-snippet:-1","max-image-preview":"max-image-preview:large","max-video-preview":"max-video-preview:-1"},"canonical":"https:\/\/mtc-modellbau.de\/fr\/zalando-maquette\/","og_locale":"fr_FR","og_type":"article","og_title":"Maquette architecturale premium pour Zalando \u2013 Le premier bureau en miniature d\u00e9taill\u00e9e","og_description":"Maquette architecturale et int\u00e9rieure haut de gamme du premier bureau de Zalando : deux \u00e9tages amovibles avec aimants, socle MDF et coffret bois grav\u00e9.","og_url":"https:\/\/mtc-modellbau.de\/fr\/zalando-maquette\/","og_site_name":"MTC Modellbau\u00ae","article_publisher":"https:\/\/www.facebook.com\/MTCmodellbau\/","article_published_time":"2025-12-30T07:56:56+00:00","article_modified_time":"2025-12-30T08:53:00+00:00","og_image":[{"width":1920,"height":1080,"url":"https:\/\/mtc-modellbau.de\/wp-content\/uploads\/2025\/12\/Office-Zalando.jpeg","type":"image\/jpeg"}],"author":"admin","twitter_card":"summary_large_image","twitter_misc":{"\u00c9crit par":"admin","Dur\u00e9e de lecture estim\u00e9e":"2 minutes"},"schema":{"@context":"https:\/\/schema.org","@graph":[{"@type":"Article","@id":"https:\/\/mtc-modellbau.de\/fr\/zalando-maquette\/#article","isPartOf":{"@id":"https:\/\/mtc-modellbau.de\/fr\/zalando-maquette\/"},"author":{"name":"admin","@id":"https:\/\/mtc-modellbau.de\/fr\/#\/schema\/person\/f3363c5d7ec45172be1e4df159d0e351"},"headline":"Maquette architecturale premium pour Zalando \u2013 Le premier bureau en miniature d\u00e9taill\u00e9e","datePublished":"2025-12-30T07:56:56+00:00","dateModified":"2025-12-30T08:53:00+00:00","mainEntityOfPage":{"@id":"https:\/\/mtc-modellbau.de\/fr\/zalando-maquette\/"},"wordCount":349,"publisher":{"@id":"https:\/\/mtc-modellbau.de\/fr\/#organization"},"image":{"@id":"https:\/\/mtc-modellbau.de\/fr\/zalando-maquette\/#primaryimage"},"thumbnailUrl":"https:\/\/mtc-modellbau.de\/wp-content\/uploads\/2025\/12\/Office-Zalando.jpeg","keywords":["\u00e9tages amovibles aimant\u00e9s","Fabricant de maquettes architecturales","fabrication de maquettes Allemagne","maquette architecturale Zalando","maquette bureau int\u00e9rieur","maquette de marque","maquette de pr\u00e9sentation","maquette premium","maquette sur socle MDF"],"articleSection":["Blog"],"inLanguage":"fr-FR"},{"@type":"WebPage","@id":"https:\/\/mtc-modellbau.de\/fr\/zalando-maquette\/","url":"https:\/\/mtc-modellbau.de\/fr\/zalando-maquette\/","name":"Maquette architecturale premium pour Zalando | MTC Modellbau\u00ae","isPartOf":{"@id":"https:\/\/mtc-modellbau.de\/fr\/#website"},"primaryImageOfPage":{"@id":"https:\/\/mtc-modellbau.de\/fr\/zalando-maquette\/#primaryimage"},"image":{"@id":"https:\/\/mtc-modellbau.de\/fr\/zalando-maquette\/#primaryimage"},"thumbnailUrl":"https:\/\/mtc-modellbau.de\/wp-content\/uploads\/2025\/12\/Office-Zalando.jpeg","datePublished":"2025-12-30T07:56:56+00:00","dateModified":"2025-12-30T08:53:00+00:00","description":"Maquette architecturale et int\u00e9rieure haut de gamme du premier bureau de Zalando : deux \u00e9tages amovibles avec aimants, socle MDF et coffret bois grav\u00e9.","breadcrumb":{"@id":"https:\/\/mtc-modellbau.de\/fr\/zalando-maquette\/#breadcrumb"},"inLanguage":"fr-FR","potentialAction":[{"@type":"ReadAction","target":["https:\/\/mtc-modellbau.de\/fr\/zalando-maquette\/"]}]},{"@type":"ImageObject","inLanguage":"fr-FR","@id":"https:\/\/mtc-modellbau.de\/fr\/zalando-maquette\/#primaryimage","url":"https:\/\/mtc-modellbau.de\/wp-content\/uploads\/2025\/12\/Office-Zalando.jpeg","contentUrl":"https:\/\/mtc-modellbau.de\/wp-content\/uploads\/2025\/12\/Office-Zalando.jpeg","width":1920,"height":1080},{"@type":"BreadcrumbList","@id":"https:\/\/mtc-modellbau.de\/fr\/zalando-maquette\/#breadcrumb","itemListElement":[{"@type":"ListItem","position":1,"name":"Startseite","item":"https:\/\/mtc-modellbau.de\/fr\/"},{"@type":"ListItem","position":2,"name":"Maquette architecturale premium pour Zalando \u2013 Le premier bureau en miniature d\u00e9taill\u00e9e"}]},{"@type":"WebSite","@id":"https:\/\/mtc-modellbau.de\/fr\/#website","url":"https:\/\/mtc-modellbau.de\/fr\/","name":"MTC Modellbau\u00ae","description":"Die wertigsten Modelle Deutschlands!","publisher":{"@id":"https:\/\/mtc-modellbau.de\/fr\/#organization"},"potentialAction":[{"@type":"SearchAction","target":{"@type":"EntryPoint","urlTemplate":"https:\/\/mtc-modellbau.de\/fr\/?s={search_term_string}"},"query-input":{"@type":"PropertyValueSpecification","valueRequired":true,"valueName":"search_term_string"}}],"inLanguage":"fr-FR"},{"@type":"Organization","@id":"https:\/\/mtc-modellbau.de\/fr\/#organization","name":"Architekturmodellbau by MTC Modellbau\u00ae","url":"https:\/\/mtc-modellbau.de\/fr\/","logo":{"@type":"ImageObject","inLanguage":"fr-FR","@id":"https:\/\/mtc-modellbau.de\/fr\/#\/schema\/logo\/image\/","url":"https:\/\/mtc-modellbau.de\/wp-content\/uploads\/2018\/07\/MTC-Modellbau-Logo-Black.png","contentUrl":"https:\/\/mtc-modellbau.de\/wp-content\/uploads\/2018\/07\/MTC-Modellbau-Logo-Black.png","width":400,"height":200,"caption":"Architekturmodellbau by MTC Modellbau\u00ae"},"image":{"@id":"https:\/\/mtc-modellbau.de\/fr\/#\/schema\/logo\/image\/"},"sameAs":["https:\/\/www.facebook.com\/MTCmodellbau\/"]},{"@type":"Person","@id":"https:\/\/mtc-modellbau.de\/fr\/#\/schema\/person\/f3363c5d7ec45172be1e4df159d0e351","name":"admin","image":{"@type":"ImageObject","inLanguage":"fr-FR","@id":"https:\/\/secure.gravatar.com\/avatar\/ed2cec554e8d7ed7fb2936bb9ac776313b2d65426e2aefeca83611157b6f41d9?s=96&d=mm&r=g","url":"https:\/\/secure.gravatar.com\/avatar\/ed2cec554e8d7ed7fb2936bb9ac776313b2d65426e2aefeca83611157b6f41d9?s=96&d=mm&r=g","contentUrl":"https:\/\/secure.gravatar.com\/avatar\/ed2cec554e8d7ed7fb2936bb9ac776313b2d65426e2aefeca83611157b6f41d9?s=96&d=mm&r=g","caption":"admin"}}]}},"menu_order":0,"_links":{"self":[{"href":"https:\/\/mtc-modellbau.de\/fr\/wp-json\/wp\/v2\/posts\/30556","targetHints":{"allow":["GET"]}}],"collection":[{"href":"https:\/\/mtc-modellbau.de\/fr\/wp-json\/wp\/v2\/posts"}],"about":[{"href":"https:\/\/mtc-modellbau.de\/fr\/wp-json\/wp\/v2\/types\/post"}],"author":[{"embeddable":true,"href":"https:\/\/mtc-modellbau.de\/fr\/wp-json\/wp\/v2\/users\/3"}],"replies":[{"embeddable":true,"href":"https:\/\/mtc-modellbau.de\/fr\/wp-json\/wp\/v2\/comments?post=30556"}],"version-history":[{"count":2,"href":"https:\/\/mtc-modellbau.de\/fr\/wp-json\/wp\/v2\/posts\/30556\/revisions"}],"predecessor-version":[{"id":30563,"href":"https:\/\/mtc-modellbau.de\/fr\/wp-json\/wp\/v2\/posts\/30556\/revisions\/30563"}],"wp:featuredmedia":[{"embeddable":true,"href":"https:\/\/mtc-modellbau.de\/fr\/wp-json\/wp\/v2\/media\/30539"}],"wp:attachment":[{"href":"https:\/\/mtc-modellbau.de\/fr\/wp-json\/wp\/v2\/media?parent=30556"}],"wp:term":[{"taxonomy":"category","embeddable":true,"href":"https:\/\/mtc-modellbau.de\/fr\/wp-json\/wp\/v2\/categories?post=30556"},{"taxonomy":"post_tag","embeddable":true,"href":"https:\/\/mtc-modellbau.de\/fr\/wp-json\/wp\/v2\/tags?post=30556"}],"curies":[{"name":"wp","href":"https:\/\/api.w.org\/{rel}","templated":true}]}}